{"id":437044,"date":"2026-04-10T15:37:13","date_gmt":"2026-04-10T15:37:13","guid":{"rendered":"https:\/\/www.europesays.com\/it\/437044\/"},"modified":"2026-04-10T15:37:13","modified_gmt":"2026-04-10T15:37:13","slug":"non-abbiamo-bisogno-di-leader-ne-di-eroi-rebecca-solnit","status":"publish","type":"post","link":"https:\/\/www.europesays.com\/it\/437044\/","title":{"rendered":"Non abbiamo bisogno di leader n\u00e9 di eroi &#8211; Rebecca Solnit"},"content":{"rendered":"<p>S pesso, troppo spesso, commemoriamo la storia celebrando un singolo individuo con una statua, oppure intitolandogli un luogo o un giorno di festa. Alcune statue sono state abbattute \u2013 in diverse citt\u00e0 degli Stati Uniti quelle del generale confederato Robert E. Lee hanno lasciato il posto ad altre dedicate all\u2019attivista contro la schiavit\u00f9 Harriet Tubman \u2013, ma i repubblicani stanno tentando d\u2019invertire questa tendenza. Di recente l\u2019amministrazione Trump ha messo una statua di Cristoforo Colombo nei giardini della Casa Bianca, una replica di quella gettata nelle acque del porto di Baltimora nel 2020 sull\u2019onda delle proteste del movimento Black lives matter contro il razzismo e il colonialismo.<\/p>\n<p>Forse l\u2019epoca degli eroi sta finendo. Quest\u2019anno Jon Wiener, direttore della rivista The Nation, ha candidato al Nobel per la pace la citt\u00e0 di Minneapolis, per il valore e la solidariet\u00e0 dei suoi cittadini nel contrastare l\u2019Ice. Vincere il Nobel \u00e8 una possibilit\u00e0 remota, ma gli abitanti di Minneapolis e St. Paul hanno gi\u00e0 ricevuto il Profile in courage award intitolato a John F. Kennedy \u201cper aver rischiato la vita per proteggere i propri vicini e la comunit\u00e0 migrante\u201d.  <\/p>\n<p>Forse ci stiamo rendendo conto che spesso l\u2019eroe \u00e8 la collettivit\u00e0, il movimento, la comunit\u00e0, e che pescare dalla massa un singolo da consacrare non funziona<\/p>\n<p>Il 31 marzo la California ha celebrato per la prima volta il Farmworkers day (giornata dei lavoratori agricoli), una festivit\u00e0 proclamata in tutta fretta dal parlamento dello stato dopo le rivelazioni sulla storia di abusi sessuali commessi da C\u00e9sar Ch\u00e1vez, famoso sindacalista dei braccianti. Forse ci stiamo rendendo conto che spesso l\u2019eroe \u00e8 la collettivit\u00e0, il movimento, la comunit\u00e0, e che pescare dalla massa un singolo da consacrare non funziona. Troppe persone trasformate in eroi nella loro vita hanno fatto cose per cui non avrebbero meritato quel riconoscimento.  <\/p>\n<p>Ma anche quando le loro vite sono irreprensibili, il mondo non cambia solo grazie a singoli individui. A volte una persona, che pu\u00f2 essere una scrittrice, un predicatore, un visionario, ispira le masse. A volte lavora con un gruppo. Queste persone spesso vengono chiamate leader, ma io le considero dei catalizzatori. Definire qualcuno un leader significa implicitamente considerare tutti gli altri dei seguaci. I seguaci obbediscono, come un gregge, mentre in realt\u00e0 in molte rivolte e movimenti ognuno ha scelto di essere l\u00ec.  <\/p>\n<p>La parola leader deriva forse da un periodo in cui i vertici militari guidavano le truppe in battaglia. Tuttavia, quasi tutti i cambiamenti degli ultimi decenni non si sono realizzati con le armi. Il motore della maggior parte dei movimenti democratici \u00e8 fatto di persone che partecipano al processo decisionale. In questo momento stiamo cercando di difendere la democrazia e la democrazia all\u2019interno dei movimenti \u00e8 fondamentale.  <\/p>\n<p>\u201cAqu\u00ed manda el pueblo y el gobierno obedece\u201d, qui il popolo comanda e il governo obbedisce, era uno slogan degli zapatisti, i rivoluzionari indigeni che nel 1994 insorsero nel sud del Messico. Un catalizzatore \u00e8 qualcuno che sa motivare le persone e tenere insieme il gruppo. Ma non c\u2019\u00e8 catalizzatore se non c\u2019\u00e8 una popolazione da catalizzare, convogliandola verso una comunit\u00e0 o un movimento. Il premio Nobel negli ultimi decenni \u00e8 andato spesso a organizzazioni collettive, come il Centro per le libert\u00e0 civili (fondato a Kiev), il Programma alimentare mondiale e il Gruppo intergovernativo sul cambiamento climatico (ai tempi di Al Gore).  <\/p>\n<p>Ho sempre pensato che gli eroi dei film d\u2019azione di Hollywood diano alle persone un\u2019idea sbagliata di come realizzare il cambiamento. Spesso si tratta di tizi muscolosi o armati fino ai denti il cui talento speciale \u00e8 la violenza corpo a corpo.  <\/p>\n<p>\u00c8 evidente che gli uomini dell\u2019amministrazione Trump hanno visto troppi di questi film: il segretario alla difesa Pete Hegseth e il direttore dell\u2019Fbi Kash Patel sembrano convinti che i loro sottoposti debbano concentrarsi sul combattimento a mani nude. Patel ha perfino chiamato alcuni lottatori della Ufc, l\u2019organizzazione statunitense di arti marziali miste (Mma), ad \u201caddestrare\u201d gli agenti dell\u2019Fbi.  <\/p>\n<p>Gli eroi di Minneapolis non hanno usato la violenza: hanno sfidato degli invasori armati in condizioni di freddo brutale, giorno dopo giorno, e continuano a consegnare la spesa alle persone che non possono uscire di casa, accompagnando i loro figli a scuola. Hanno avuto un enorme impatto nella difesa dei loro quartieri. E come la gente di Los Angeles, Charlotte, Chicago e Memphis, sono stati d\u2019ispirazione per tutti gli altri.  <\/p>\n<p>Anche se la festa dei lavoratori agricoli \u00e8 nata da una circostanza spiacevole, si tratta di una cosa provvidenziale in California, dove la maggior parte dei braccianti sono immigrati proprio come le persone perseguitate dall\u2019Ice. Sarebbe opportuno un monumento al bracciante ignoto, o meglio ai milioni di braccianti che ci sono stati negli anni. Dedicare una giornata a loro sarebbe un inizio. \u25c6 fdl  <\/p>\n<p>Internazionale pubblica ogni settimana una pagina di lettere. Ci piacerebbe sapere cosa pensi di questo articolo.<br \/>\n                Scrivici a: <a href=\"https:\/\/www.internazionale.it\/magazine\/rebecca-solnit\/2026\/04\/09\/mailto:posta@internazionale.it?subject=Non abbiamo bisogno di leader n\u00e9 di eroi\" rel=\"nofollow noopener\" target=\"_blank\">posta@internazionale.it<\/a>\n                <\/p>\n","protected":false},"excerpt":{"rendered":"S pesso, troppo spesso, commemoriamo la storia celebrando un singolo individuo con una statua, oppure intitolandogli un luogo&hellip;\n","protected":false},"author":3,"featured_media":437045,"comment_status":"","ping_status":"","sticky":false,"template":"","format":"standard","meta":{"footnotes":"","_share_on_mastodon":"0"},"categories":[160],"tags":[204761,246876,14,164,165,246877,3737,22039,166,7,15,2469,236484,242,11,167,12,168,161,162,163],"class_list":["post-437044","post","type-post","status-publish","format-standard","has-post-thumbnail","category-mondo","tag-logosedizioni","tag-cesar-chavez","tag-cronaca","tag-dal-mondo","tag-dalmondo","tag-farmworkers-day","tag-ice","tag-minneapolis","tag-mondo","tag-news","tag-notizie","tag-proteste","tag-rebecca-solnit","tag-stati-uniti","tag-ultime-notizie","tag-ultime-notizie-di-mondo","tag-ultimenotizie","tag-ultimenotiziedimondo","tag-world","tag-world-news","tag-worldnews"],"share_on_mastodon":{"url":"https:\/\/pubeurope.com\/@it\/116381158361961858","error":""},"_links":{"self":[{"href":"https:\/\/www.europesays.com\/it\/wp-json\/wp\/v2\/posts\/437044","targetHints":{"allow":["GET"]}}],"collection":[{"href":"https:\/\/www.europesays.com\/it\/wp-json\/wp\/v2\/posts"}],"about":[{"href":"https:\/\/www.europesays.com\/it\/wp-json\/wp\/v2\/types\/post"}],"author":[{"embeddable":true,"href":"https:\/\/www.europesays.com\/it\/wp-json\/wp\/v2\/users\/3"}],"replies":[{"embeddable":true,"href":"https:\/\/www.europesays.com\/it\/wp-json\/wp\/v2\/comments?post=437044"}],"version-history":[{"count":0,"href":"https:\/\/www.europesays.com\/it\/wp-json\/wp\/v2\/posts\/437044\/revisions"}],"wp:featuredmedia":[{"embeddable":true,"href":"https:\/\/www.europesays.com\/it\/wp-json\/wp\/v2\/media\/437045"}],"wp:attachment":[{"href":"https:\/\/www.europesays.com\/it\/wp-json\/wp\/v2\/media?parent=437044"}],"wp:term":[{"taxonomy":"category","embeddable":true,"href":"https:\/\/www.europesays.com\/it\/wp-json\/wp\/v2\/categories?post=437044"},{"taxonomy":"post_tag","embeddable":true,"href":"https:\/\/www.europesays.com\/it\/wp-json\/wp\/v2\/tags?post=437044"}],"curies":[{"name":"wp","href":"https:\/\/api.w.org\/{rel}","templated":true}]}}