{"id":437170,"date":"2026-04-10T17:24:16","date_gmt":"2026-04-10T17:24:16","guid":{"rendered":"https:\/\/www.europesays.com\/it\/437170\/"},"modified":"2026-04-10T17:24:16","modified_gmt":"2026-04-10T17:24:16","slug":"amazon-toglie-accesso-allo-store-ai-modelli-piu-vecchi-di-kindle-i-dispositivi-interessati","status":"publish","type":"post","link":"https:\/\/www.europesays.com\/it\/437170\/","title":{"rendered":"Amazon toglie accesso allo store ai modelli pi\u00f9 vecchi di Kindle: i dispositivi interessati"},"content":{"rendered":"<p>Dal 20 maggio alcuni modelli di e-reader usciti in commercio da 14 o pi\u00f9 anni non potranno pi\u00f9 accedere allo store per acquistare, prendere in prestito o scaricare libri. I libri gi\u00e0 salvati sul dispositivo prima della data potranno ancora essere letti. La comunicazione \u00e8 arrivata agli utenti tramite una mail di Amazon<\/p>\n<p>Alcuni vecchi modelli di Kindle sono pronti ad andare in pensione. Amazon ha comunicato che a breve toglier\u00e0 il supporto ai suoi lettori e-book usciti prima del 2012: i modelli che hanno 14 o pi\u00f9 anni non potranno pi\u00f9 accedere allo store e di conseguenza non potranno pi\u00f9 ottenere nuovi contenuti. Come spiegato dai maggiori <a data-intcmp-qp=\"skytg24_foglia articolo_interlink_text\" href=\"https:\/\/multiplayer.it\/notizie\/amazon-termina-supporto-vecchi-lettori-ebook-kindle.html\" target=\"_blank\" rel=\"nofollow noopener\">siti specializzati,<\/a> la notizia \u00e8 arrivata agli utenti direttamente con una mail da parte di Amazon. I dispositivi interessati, si legge nel testo inviato ai clienti, includono Kindle 1\u00aa e 2\u00aa generazione: Kindle DX e DX Graphite, Kindle Keyboard, Kindle 4, Kindle Touch, Kindle 5 e Kindle Paperwhite 1\u00aa generazione.<\/p>\n<p>\t\t\tSupporto fino al 20 maggio<\/p>\n<p>Lo stop al supporto scatta il 20 maggio 2026: a partire da questa data per i dispositivi Kindle rilasciati nel 2012 o prima non sar\u00e0 pi\u00f9 possibile \u201cacquistare, prendere in prestito o scaricare altri libri\u201d. Si potranno tuttavia \u201ccontinuare a leggere libri gi\u00e0 scaricati su questi dispositivi\u201d. Gli utenti che possiedono uno dei vecchi Kindle devono per\u00f2 stare attenti a un altro dettaglio: qualora la loro registrazione dovesse essere annullata o le impostazioni del dispositivo dovessero essere resettate tornando a quelle di fabbrica, dopo il 20 maggio non sar\u00e0 pi\u00f9 possibile registrarsi nuovamente con lo stesso ebook.<\/p>\n<p>\t        <img decoding=\"async\" crossorigin=\"anonymous\" src=\"https:\/\/www.europesays.com\/it\/wp-content\/uploads\/2026\/04\/collage_kindle_ipa.png\" class=\"c-inline-image__img j-lazyload\" itemprop=\"contentUrl\" loading=\"lazy\" data-cmp-hook-image=\"image\" alt=\"La mail ricevuta dagli utenti\" title=\"La mail ricevuta dagli utenti\"\/><\/p>\n<p>\t       \tLa mail ricevuta dagli utenti  <\/p>\n<p>\t\t\tPassaggio a modelli pi\u00f9 recenti<\/p>\n<p>&#8220;Questi modelli sono stati supportati per almeno 14 anni &#8211; alcuni addirittura per 18 anni &#8211; ma la tecnologia ha fatto passi da gigante in questo lasso di tempo, e d&#8217;ora in avanti questi dispositivi non saranno pi\u00f9 supportati&#8221;, ha dichiarato Jesse Carr, portavoce di Amazon, in un comunicato a <a data-intcmp-qp=\"skytg24_foglia articolo_interlink_text\" href=\"https:\/\/techcrunch.com\/2026\/04\/08\/amazon-to-end-support-for-older-kindle-devices-2012\/\" target=\"_blank\" rel=\"nofollow noopener\">TechCrunch<\/a>. &#8220;Stiamo avvisando coloro che li utilizzano ancora attivamente e stiamo offrendo delle promozioni per aiutarli nella transizione verso modelli pi\u00f9 recenti&#8221;. Quindi, per gli appassionati di lettura che vogliono continuare a usare un Kindle, \u00e8 necessario acquistare un modello di generazione pi\u00f9 recente. Da l\u00ec, dall&#8217;app mobile Kindle o dal Kindle per il Web, accedendo con il proprio account, sar\u00e0 possibile non perdere i propri contenuti e scaricarne di nuovi.\u00a0<\/p>\n<p>\t            TAG:<\/p>\n","protected":false},"excerpt":{"rendered":"Dal 20 maggio alcuni modelli di e-reader usciti in commercio da 14 o pi\u00f9 anni non potranno pi\u00f9&hellip;\n","protected":false},"author":3,"featured_media":437171,"comment_status":"","ping_status":"","sticky":false,"template":"","format":"standard","meta":{"footnotes":"","_share_on_mastodon":"0"},"categories":[173],"tags":[7072,364,74015,1537,90,89,1609,195,198,199,197,200,201,194,196],"class_list":["post-437170","post","type-post","status-publish","format-standard","has-post-thumbnail","category-scienza-e-tecnologia","tag-amazon","tag-collaboratori","tag-ebook","tag-it","tag-italia","tag-italy","tag-libri","tag-science","tag-science-and-technology","tag-scienceandtechnology","tag-scienza","tag-scienza-e-tecnologia","tag-scienzaetecnologia","tag-technology","tag-tecnologia"],"share_on_mastodon":{"url":"https:\/\/pubeurope.com\/@it\/116381579368320147","error":""},"_links":{"self":[{"href":"https:\/\/www.europesays.com\/it\/wp-json\/wp\/v2\/posts\/437170","targetHints":{"allow":["GET"]}}],"collection":[{"href":"https:\/\/www.europesays.com\/it\/wp-json\/wp\/v2\/posts"}],"about":[{"href":"https:\/\/www.europesays.com\/it\/wp-json\/wp\/v2\/types\/post"}],"author":[{"embeddable":true,"href":"https:\/\/www.europesays.com\/it\/wp-json\/wp\/v2\/users\/3"}],"replies":[{"embeddable":true,"href":"https:\/\/www.europesays.com\/it\/wp-json\/wp\/v2\/comments?post=437170"}],"version-history":[{"count":0,"href":"https:\/\/www.europesays.com\/it\/wp-json\/wp\/v2\/posts\/437170\/revisions"}],"wp:featuredmedia":[{"embeddable":true,"href":"https:\/\/www.europesays.com\/it\/wp-json\/wp\/v2\/media\/437171"}],"wp:attachment":[{"href":"https:\/\/www.europesays.com\/it\/wp-json\/wp\/v2\/media?parent=437170"}],"wp:term":[{"taxonomy":"category","embeddable":true,"href":"https:\/\/www.europesays.com\/it\/wp-json\/wp\/v2\/categories?post=437170"},{"taxonomy":"post_tag","embeddable":true,"href":"https:\/\/www.europesays.com\/it\/wp-json\/wp\/v2\/tags?post=437170"}],"curies":[{"name":"wp","href":"https:\/\/api.w.org\/{rel}","templated":true}]}}