{"id":437760,"date":"2026-04-11T01:53:17","date_gmt":"2026-04-11T01:53:17","guid":{"rendered":"https:\/\/www.europesays.com\/it\/437760\/"},"modified":"2026-04-11T01:53:17","modified_gmt":"2026-04-11T01:53:17","slug":"la-narrazione-di-un-fatto-di-cronaca","status":"publish","type":"post","link":"https:\/\/www.europesays.com\/it\/437760\/","title":{"rendered":"\u00abLa narrazione di un fatto di cronaca\u00bb"},"content":{"rendered":"<p>Sono finite le riprese del film &#8220;Se domani non torno&#8221;, liberamente ispirato al libro &#8220;Cara <strong><a href=\"https:\/\/www.ilgazzettino.it\/t\/giulia-cecchettin\" rel=\"nofollow noopener\" target=\"_blank\">Giulia<\/a><\/strong>&#8221; scritto da\u00a0pap\u00e0 <strong><a href=\"https:\/\/www.ilgazzettino.it\/t\/gino-cecchettin\" rel=\"nofollow noopener\" target=\"_blank\">Gino Cecchettin<\/a><\/strong> con Marco Franzoso, edito Rizzoli. <\/p>\n<p>La frase usata per il titolo si rif\u00e0, invece, ai versi della poesia di Cristina Torres Caceres, diventata simbolo della lotta contro la violenza sulle donne.\u00a0<br \/>\n    &#13;<\/p>\n<p>APPROFONDIMENTI<\/p>\n<p>&#13;<br \/>\n        &#13;<\/p>\n<p>Gli attori <\/p>\n<p>Con la regia di Paola Randi, il film \u00e8 stato girato in 6 settimane interamente in\u00a0Veneto, prodotto da Notorious Pictures in collaborazione con Mediaset e Sky, uscir\u00e0 nelle sale italiane il 5 novembre, a tre anni dalla morte di Giulia. Paola Randi ha scritto anche la sceneggiatura con Lisa Nur Sultan. Nel cast Filippo Timi interpreta Gino Cecchettin, Sabrina Martina interpreta Giulia, Tecla Bossi interpreta Elena sorella di Giulia, e Tommaso Allione, Davide il fratello.<\/p>\n<p>\u00abSe Domani Non Torno non \u00e8 &#8211; tiene a sottolineare la produzione &#8211; la narrazione di un fatto di cronaca: \u00e8 un film che nasce dall&#8217;urgenza di raccontare una storia che non aggiunga clamore a ci\u00f2 che gi\u00e0 conosciamo, ma che scavi pi\u00f9 a fondo\u00bb.\u00a0<\/p>\n","protected":false},"excerpt":{"rendered":"Sono finite le riprese del film &#8220;Se domani non torno&#8221;, liberamente ispirato al libro &#8220;Cara Giulia&#8221; scritto da\u00a0pap\u00e0&hellip;\n","protected":false},"author":3,"featured_media":437761,"comment_status":"","ping_status":"","sticky":false,"template":"","format":"standard","meta":{"footnotes":"","_share_on_mastodon":"0"},"categories":[1442],"tags":[203,454,18096,80140,204,1537,90,89,1521],"class_list":["post-437760","post","type-post","status-publish","format-standard","has-post-thumbnail","category-film","tag-entertainment","tag-film","tag-gino-cecchettin","tag-giulia-cecchettin","tag-intrattenimento","tag-it","tag-italia","tag-italy","tag-movies"],"share_on_mastodon":{"url":"https:\/\/pubeurope.com\/@it\/116383580566238309","error":""},"_links":{"self":[{"href":"https:\/\/www.europesays.com\/it\/wp-json\/wp\/v2\/posts\/437760","targetHints":{"allow":["GET"]}}],"collection":[{"href":"https:\/\/www.europesays.com\/it\/wp-json\/wp\/v2\/posts"}],"about":[{"href":"https:\/\/www.europesays.com\/it\/wp-json\/wp\/v2\/types\/post"}],"author":[{"embeddable":true,"href":"https:\/\/www.europesays.com\/it\/wp-json\/wp\/v2\/users\/3"}],"replies":[{"embeddable":true,"href":"https:\/\/www.europesays.com\/it\/wp-json\/wp\/v2\/comments?post=437760"}],"version-history":[{"count":0,"href":"https:\/\/www.europesays.com\/it\/wp-json\/wp\/v2\/posts\/437760\/revisions"}],"wp:featuredmedia":[{"embeddable":true,"href":"https:\/\/www.europesays.com\/it\/wp-json\/wp\/v2\/media\/437761"}],"wp:attachment":[{"href":"https:\/\/www.europesays.com\/it\/wp-json\/wp\/v2\/media?parent=437760"}],"wp:term":[{"taxonomy":"category","embeddable":true,"href":"https:\/\/www.europesays.com\/it\/wp-json\/wp\/v2\/categories?post=437760"},{"taxonomy":"post_tag","embeddable":true,"href":"https:\/\/www.europesays.com\/it\/wp-json\/wp\/v2\/tags?post=437760"}],"curies":[{"name":"wp","href":"https:\/\/api.w.org\/{rel}","templated":true}]}}