{"id":438011,"date":"2026-04-11T06:28:16","date_gmt":"2026-04-11T06:28:16","guid":{"rendered":"https:\/\/www.europesays.com\/it\/438011\/"},"modified":"2026-04-11T06:28:16","modified_gmt":"2026-04-11T06:28:16","slug":"lottovolante-del-prezzo-dellenergia-costo-azzerato-nelle-ore-di-luce-alle-stelle-dopo-il-tramonto","status":"publish","type":"post","link":"https:\/\/www.europesays.com\/it\/438011\/","title":{"rendered":"L\u2019ottovolante del prezzo dell\u2019energia: costo azzerato nelle ore di luce, alle stelle dopo il tramonto"},"content":{"rendered":"<p>    di<br \/>\n    Federico Fubini<\/p>\n<p class=\"summary-art is-line-h-12 is-mr-t-20\">Uno spread mai visto prima: nelle ore di piena luce il fotovoltaico porta il prezzo medio dell\u2019energia elettrica vicino allo zero, poi entra in gioco il gas e il costo si impenna a livelli non lontani da quelli del 2022<\/p>\n<p class=\"chapter-paragraph\">C\u2019\u00e8 un nuovo spread oggi in Italia. Solo che questo, a differenza di quello fra titoli di Stato, pi\u00f9 si allarga e pi\u00f9 crea opportunit\u00e0. <b>\u00c8 la differenza di costo fra prezzi massimi e minimi dell\u2019energia elettrica nelle diverse ore del giorno.<\/b> Nelle ultime settimane con la chiusura dello stretto di Hormuz questo scarto ha raggiunto livelli mai toccati nella storia del Paese: nelle ore di piena luce la produzione di fotovoltaico sta portando per la prima volta il prezzo medio dell\u2019energia elettrica vicino a zero euro a megawattora oppure, in certi casi, letteralmente a zero.\u00a0<\/p>\n<p class=\"chapter-paragraph\"><b>Quando il sole tramonta invece e il prezzo torna a essere determinato dal gas,<\/b> il costo si impenna a livelli non lontani da quelli toccati durante lo choc energetico del 2022.    &#13;<br \/>\n&#13;<br \/>\n&#13;<br \/>\n&#13;<br \/>\n&#13;<br \/>\n&#13;<br \/>\n&#13;<br \/>\n&#13;<br \/>\n&#13;<br \/>\n&#13;<br \/>\n&#13;<br \/>\n&#13;<br \/>\n&#13;<br \/>\n&#13;<br \/>\n&#13;<br \/>\n&#13;<br \/>\n&#13;<br \/>\n&#13;<br \/>\n&#13;<br \/>\n&#13;<br \/>\n&#13;<br \/>\n&#13;<br \/>\n&#13;<br \/>\n&#13;<br \/>\n&#13;<br \/>\n&#13;<br \/>\n&#13;<br \/>\n&#13;<br \/>\n&#13;<br \/>\n&#13;<br \/>\n&#13;<br \/>\n&#13;<br \/>\n&#13;<br \/>\n&#13;<br \/>\n&#13;<br \/>\n&#13;<br \/>\n&#13;<br \/>\n&#13;<br \/>\n&#13;<br \/>\n&#13;<br \/>\n&#13;<br \/>\n&#13;<br \/>\n&#13;<br \/>\n&#13;<br \/>\n&#13;<br \/>\n&#13;<br \/>\n&#13;<br \/>\n&#13;<br \/>\n&#13;<br \/>\n&#13;<br \/>\n&#13;<br \/>\n&#13;<br \/>\n&#13;\n<\/p>\n<p class=\"chapter-paragraph\">In questo l\u2019Italia registra una grande differenza proprio rispetto a quella crisi, seguita all\u2019aggressione della Russia all\u2019Ucraina. Allora il prezzo dell\u2019elettricit\u00e0 sal\u00ec e rest\u00f2 elevato in modo omogeneo durante tutte le ore del giorno. Oggi l\u2019energia solare diventa molto pi\u00f9 rilevante gi\u00e0 solo perch\u00e9 la sua quota \u00e8 salita da circa il 10% della produzione elettrica nel 2022 al doppio quest\u2019anno.<\/p>\n<p>    Il prezzo unico nazionale (Pun)<\/p>\n<p class=\"chapter-paragraph\">Il fenomeno attuale \u00e8 legato alla chiusura di Hormuz e all\u2019interruzione delle forniture di gas liquefatto dal Qatar. <b>Pur con continue oscillazioni, il prezzo del gas naturale \u00e8 aumentato di circa il 50% dalla met\u00e0 di febbraio<\/b> <b>alla prima decina di giorni di aprile.<\/b> Il prezzo dell\u2019elettricit\u00e0 \u00e8 seguito. Il Pun, Prezzo unico nazionale pubblicato ogni giorno dal Gestore dei mercati elettrici, ha registrato dei massimi orari saliti da livelli compresi per lo pi\u00f9 fra cento e 135 euro a megawattora verso la met\u00e0 di febbraio a massimi fino a oltre 180 euro a megawattora negli ultimi giorni.\u00a0<\/p>\n<p class=\"chapter-paragraph\">L\u2019impatto sulle tasche delle famiglie e sui bilanci delle imprese \u00e8 immediato: <b>il Pun \u00e8 il prezzo unico all\u2019ingrosso dell\u2019energia elettrica in Italia,<\/b> determinato dall\u2019andamento della borsa elettrica in base all\u2019equilibrio fra domanda e offerta.\u00a0C\u2019\u00e8 per\u00f2 un aspetto del quale in Italia non si parla molto: <b>in alcune ore del giorno il prezzo unico nazionale sta scendendo moltissimo.<\/b> Luned\u00ec scorso fra le tre e le quattro del pomeriggio il Pun era a 50 centesimi a megawattora, mentre alle otto di sera era risalito a 160. Sabato scorso alle otto di mattina il prezzo era 181 euro a megawattora, mentre alle tredici era crollato a 12 euro e alle tre del pomeriggio addirittura a meno di sei euro a megawattora. All\u2019ora di cena, era risalito a 176 euro: pi\u00f9 che decuplicato, in appena met\u00e0 giornata.<\/p>\n<p>APPROFONDISCI CON IL PODCAST<\/p>\n<p>    Le escursioni dei prezzi<\/p>\n<p class=\"chapter-paragraph\">La ragione, naturalmente, \u00e8 nell\u2019energia solare. La diffusione degli impianti fotovoltaici \u00e8 sempre maggiore in tutto il Paese, dunque ha un impatto non solo al Sud ma nella media nazionale. <b>Di conseguenza sono sempre pi\u00f9 numerosi i giorni dell\u2019anno con queste enormi escursioni dei prezzi: <\/b>molto alti quando \u00e8 il gas la fonte determinante per assicurare un\u2019offerta di elettricit\u00e0 pari alla domanda in condizioni di scarsa luce diurna; bassissimi invece quando \u00e8 il fotovoltaico a chiudere lo scarto fra domanda e offerta.<\/p>\n<p class=\"chapter-paragraph\">Massimo Beccarello dell\u2019Universit\u00e0 Milano Bicocca calcola che i giorni con uno spread elettrico superiore ai 120 euro a megawattora sono passati da 16 a 38 fra il 2024 e l\u2019anno scorso e confermano la tendenza all\u2019aumento quest\u2019anno. \u00c8 in corso quella che Beccarello definisce \u00abuna trasformazione strutturale del mercato\u00bb che rende razionale <b>valutare nuovi investimenti nelle batterie di accumulo:<\/b> con quelle il contenimento dei prezzi elettrici sarebbe spalmato nel corso della giornata. Certo il governo e l\u2019autorit\u00e0 dell\u2019energia hanno l\u2019opportunit\u00e0 per invitare i famiglie e imprese a trasferire alcuni consumi elettrici nelle ore di maggiore luce.<\/p>\n<p>    Le rinnovabili<\/p>\n<p class=\"chapter-paragraph\">Resta da capire se l\u2019esperienza della guerra del Golfo spinger\u00e0<b> l\u2019Italia ad accelerare sulle rinnovabili.<\/b> Agostino Re Rebaudengo, vicepresidente per l\u2019Energia della Federazione industrie delle costruzioni, osserva che la Germania di Friedrich Merz \u2014 pur critica verso il Green Deal europeo \u2014 sta installando potenza solare e eolica a ritmi tripli rispetto all\u2019Italia. Certo per ora l\u2019Europea reagisce al blocco di Hormuz (anche) in senso opposto: l\u2019import di gas liquefatto dalla Russia a marzo \u00e8 salito del 38% rispetto a un anno prima.<\/p>\n<p><a href=\"https:\/\/www.corriere.it\/app-economia\/?intcmp=DL-app_nd_011024_corriere_ss_conomia\" target=\"_blank\" class=\"bck-app-banner\" rel=\"nofollow noopener\"><img decoding=\"async\" class=\"bck-app-img\" src=\"https:\/\/www.europesays.com\/it\/wp-content\/uploads\/2025\/08\/1756449670_863_app.png\"\/><\/p>\n<p>Nuova app <strong>L&#8217;Economia<\/strong>. News, approfondimenti e l&#8217;assistente virtuale al tuo servizio.<\/p>\n<p>SCARICA L&#8217; APP<\/p>\n<p><img decoding=\"async\" src=\"https:\/\/www.europesays.com\/it\/wp-content\/uploads\/2025\/07\/eco.png\"\/><\/a><\/p>\n<p>Iscriviti alle <a href=\"https:\/\/www.corriere.it\/newsletter\/?theme=4\" rel=\"nofollow noopener\" target=\"_blank\">newsletter de L&#8217;Economia<\/a>. Analisi e commenti sui principali avvenimenti\u00a0economici a cura delle firme del Corriere.<\/p>\n<p class=\"is-last-update\" datetime=\"2026-04-11T08:17:41+02:00\">11 aprile 2026 ( modifica il 11 aprile 2026 | 08:17)<\/p>\n<p class=\"is-copyright\">\n            \u00a9 RIPRODUZIONE RISERVATA\n        <\/p>\n","protected":false},"excerpt":{"rendered":"di Federico Fubini Uno spread mai visto prima: nelle ore di piena luce il fotovoltaico porta il prezzo&hellip;\n","protected":false},"author":3,"featured_media":438012,"comment_status":"","ping_status":"","sticky":false,"template":"","format":"standard","meta":{"footnotes":"","_share_on_mastodon":"0"},"categories":[172],"tags":[178,52340,177,432,790,6016,247237,247238,31123,3451,2341,208388,27010,247239,9724,6330,3566,13164,247240,28819,3509,247241,724,52343,943,1595,28820,6316,247242,194354,1537,90,89,14707,18494,77556,55400,3334,1413,3792,4734,247236,159520,1270,6063,3798,2958,7778],"class_list":["post-438011","post","type-post","status-publish","format-standard","has-post-thumbnail","category-affari","tag-affari","tag-beccarello","tag-business","tag-chiusura","tag-corso","tag-costo","tag-costo-impenna","tag-costo-impenna-livelli","tag-determinato","tag-differenza","tag-domanda","tag-domanda-offerta","tag-elettrica","tag-elettrica-zero","tag-elettrici","tag-elettricita","tag-energia","tag-energia-elettrica","tag-energia-elettrica-zero","tag-energia-solare","tag-escursioni","tag-escursioni-prezzi","tag-euro","tag-euro-megawattora","tag-famiglie","tag-febbraio","tag-fotovoltaico","tag-gas","tag-gas-costo","tag-hormuz","tag-it","tag-italia","tag-italy","tag-livelli","tag-luce","tag-massimi","tag-megawattora","tag-meta","tag-offerta","tag-prezzi","tag-prezzo","tag-prezzo-unico","tag-pun","tag-rispetto","tag-solare","tag-spread","tag-unico","tag-zero"],"share_on_mastodon":{"url":"","error":"Validation failed: Text character limit of 500 exceeded"},"_links":{"self":[{"href":"https:\/\/www.europesays.com\/it\/wp-json\/wp\/v2\/posts\/438011","targetHints":{"allow":["GET"]}}],"collection":[{"href":"https:\/\/www.europesays.com\/it\/wp-json\/wp\/v2\/posts"}],"about":[{"href":"https:\/\/www.europesays.com\/it\/wp-json\/wp\/v2\/types\/post"}],"author":[{"embeddable":true,"href":"https:\/\/www.europesays.com\/it\/wp-json\/wp\/v2\/users\/3"}],"replies":[{"embeddable":true,"href":"https:\/\/www.europesays.com\/it\/wp-json\/wp\/v2\/comments?post=438011"}],"version-history":[{"count":0,"href":"https:\/\/www.europesays.com\/it\/wp-json\/wp\/v2\/posts\/438011\/revisions"}],"wp:featuredmedia":[{"embeddable":true,"href":"https:\/\/www.europesays.com\/it\/wp-json\/wp\/v2\/media\/438012"}],"wp:attachment":[{"href":"https:\/\/www.europesays.com\/it\/wp-json\/wp\/v2\/media?parent=438011"}],"wp:term":[{"taxonomy":"category","embeddable":true,"href":"https:\/\/www.europesays.com\/it\/wp-json\/wp\/v2\/categories?post=438011"},{"taxonomy":"post_tag","embeddable":true,"href":"https:\/\/www.europesays.com\/it\/wp-json\/wp\/v2\/tags?post=438011"}],"curies":[{"name":"wp","href":"https:\/\/api.w.org\/{rel}","templated":true}]}}