{"id":438033,"date":"2026-04-11T06:53:21","date_gmt":"2026-04-11T06:53:21","guid":{"rendered":"https:\/\/www.europesays.com\/it\/438033\/"},"modified":"2026-04-11T06:53:21","modified_gmt":"2026-04-11T06:53:21","slug":"uova-in-faccia-tra-i-prof-frecciatina-a-stefano-de-martino-e-belen-e-un-ballottaggio-che-scuote-la-scuola","status":"publish","type":"post","link":"https:\/\/www.europesays.com\/it\/438033\/","title":{"rendered":"uova in faccia tra i prof, frecciatina a Stefano De Martino e Belen e un ballottaggio che scuote la scuola"},"content":{"rendered":"<p>&#13;<br \/>\n                               &#13;<br \/>\n                                                &#13;<br \/>\n                &#13;<\/p>\n<p>Le luci degli studi Elios si sono appena spente, ma le mura di Cinecitt\u00e0 tremano ancora per quello che \u00e8 accaduto durante la registrazione della <strong>quarta puntata del Serale di <a href=\"https:\/\/www.leggo.it\/t\/amici-25\" rel=\"nofollow noopener\" target=\"_blank\">Amici 25<\/a><\/strong>. Se pensavate di aver visto tutto, preparatevi: sabato 11 aprile, su Canale 5, assisteremo a un appuntamento che definire incandescente \u00e8 un eufemismo. Tra guanti di sfida al veleno, standing ovation inaspettate e un clima da &#8220;resa dei conti&#8221; tra i professori, la competizione \u00e8 entrata in una fase di non ritorno.<\/p>\n<p>&#13;<br \/>\n&#13;<br \/>\n&#13;<br \/>\n&#13;<\/p>\n<p>Il retroscena pi\u00f9 clamoroso non riguarda per\u00f2 solo il talento, ma <strong>il nervosismo tra i banchi dei coach<\/strong>. Durante il gioco &#8220;Password&#8221; condotto da un trascinante Alessandro Cattelan, la tensione tra Rudy Zerbi e Anna Pettinelli \u00e8 letteralmente esplosa: <strong>una penitenza finita<\/strong> male ha visto <strong>Zerbi schiacciare un uovo sulla testa della collega<\/strong>, scatenando una vera e propria rappresaglia a colpi di uova in studio. Un momento di caos puro che ha interrotto la liturgia solenne del programma, confermando come la rivalit\u00e0 tra i due sia ormai fuori controllo.<\/p>\n<p>&#13;<br \/>\n&#13;<br \/>\n<strong>Le sfide<\/strong>&#13;<br \/>\n&#13;<\/p>\n<p>Sul fronte della gara, come riferisce Superguidatv,\u00a0la corazzata di Rudy Zerbi e Alessandra Celentano continua a dettare legge, portando a casa la vittoria nella prima e nella terza manche. La Celentano, sempre pi\u00f9 agguerrita, ha lanciato guanti di sfida che hanno diviso la giuria composta da Amadeus, Gigi D\u2019Alessio ed Elena D\u2019Amario. <\/p>\n<p>Proprio D\u2019Alessio \u00e8 stato protagonista di un momento da brividi: si \u00e8 alzato in piedi per una standing ovation dedicata ad Angie, definita una &#8220;leonessa&#8221; della scena, nonostante la sua squadra (Cuccarini-Peparini) abbia vissuto una serata altalenante.&#13;<br \/>\n&#13;<br \/>\n<strong>La frecciatina a De Martino<\/strong>&#13;<br \/>\n&#13;<\/p>\n<p>I riflettori sono rimasti puntati anche sui grandi ritorni. Mattia Zenzola ha dominato il palco in diverse occasioni, dimostrando i guanti di sfida e affiancando Alex in un passo a due mozzafiato, mentre Isobel ha ufficialmente ripreso il suo posto nel corpo di ballo dei professionisti dopo la parentesi nei game show Mediaset. Non \u00e8 mancata l&#8217;ironia tagliente di <strong>Vincenzo Comunale<\/strong>, che ha scherzato sul &#8220;potere&#8221; di Maria De Filippi e sull&#8217;ascesa di Stefano De Martino verso Sanremo con una frecciatina al conduttore di Affari Tuoi e all&#8217;ex Belen.<\/p>\n<p>&#13;<br \/>\n&#13;<br \/>\n<strong>Gli eliminati<\/strong>&#13;<br \/>\n&#13;<\/p>\n<p>Ma il vero nodo della puntata \u00e8 il verdetto finale, avvolto come sempre dal massimo riserbo. Il ballottaggio per l&#8217;eliminazione ha messo l&#8217;uno contro l&#8217;altro tre pesi massimi di questa edizione: <strong>Alessio, Caterina e Alex<\/strong>. Quest&#8217;ultimo, fresco vincitore del premio Enel, ha dovuto lottare fino all&#8217;ultima nota per difendere il suo posto nella scuola. Come da tradizione, Maria De Filippi comunicher\u00e0 l&#8217;esito ai ragazzi solo una volta rientrati in casetta, lontano dagli occhi del pubblico in studio. Chi dovr\u00e0 abbandonare definitivamente il sogno della vittoria? La risposta arriver\u00e0 solo sabato sera, ma una cosa \u00e8 certa: la scuola di Amici non \u00e8 mai stata cos\u00ec divisa.<\/p>\n<p>                                &#13;<br \/>\n                &#13;<br \/>\n&#13;<br \/>\n                Ultimo aggiornamento: venerd\u00ec 10 aprile 2026, 11:59&#13;<br \/>\n                <br \/>&#13;<br \/>\n                &#13;<br \/>\n                  &#13;<br \/>\n                    &#13;<br \/>\n                        \u00a9 RIPRODUZIONE RISERVATA&#13;<\/p>\n<p>&#13;<\/p>\n<p>                    &#13;<\/p>\n","protected":false},"excerpt":{"rendered":"&#13; &#13; &#13; &#13; Le luci degli studi Elios si sono appena spente, ma le mura di Cinecitt\u00e0&hellip;\n","protected":false},"author":3,"featured_media":438034,"comment_status":"","ping_status":"","sticky":false,"template":"","format":"standard","meta":{"footnotes":"","_share_on_mastodon":"0"},"categories":[174],"tags":[1266,46581,1518,1764,203,204,1537,90,89,9438,1766],"class_list":["post-438033","post","type-post","status-publish","format-standard","has-post-thumbnail","category-intrattenimento","tag-amici","tag-amici-25","tag-anticipazioni","tag-belen-rodriguez","tag-entertainment","tag-intrattenimento","tag-it","tag-italia","tag-italy","tag-spoiler","tag-stefano-de-martino"],"share_on_mastodon":{"url":"https:\/\/pubeurope.com\/@it\/116384760760620504","error":""},"_links":{"self":[{"href":"https:\/\/www.europesays.com\/it\/wp-json\/wp\/v2\/posts\/438033","targetHints":{"allow":["GET"]}}],"collection":[{"href":"https:\/\/www.europesays.com\/it\/wp-json\/wp\/v2\/posts"}],"about":[{"href":"https:\/\/www.europesays.com\/it\/wp-json\/wp\/v2\/types\/post"}],"author":[{"embeddable":true,"href":"https:\/\/www.europesays.com\/it\/wp-json\/wp\/v2\/users\/3"}],"replies":[{"embeddable":true,"href":"https:\/\/www.europesays.com\/it\/wp-json\/wp\/v2\/comments?post=438033"}],"version-history":[{"count":0,"href":"https:\/\/www.europesays.com\/it\/wp-json\/wp\/v2\/posts\/438033\/revisions"}],"wp:featuredmedia":[{"embeddable":true,"href":"https:\/\/www.europesays.com\/it\/wp-json\/wp\/v2\/media\/438034"}],"wp:attachment":[{"href":"https:\/\/www.europesays.com\/it\/wp-json\/wp\/v2\/media?parent=438033"}],"wp:term":[{"taxonomy":"category","embeddable":true,"href":"https:\/\/www.europesays.com\/it\/wp-json\/wp\/v2\/categories?post=438033"},{"taxonomy":"post_tag","embeddable":true,"href":"https:\/\/www.europesays.com\/it\/wp-json\/wp\/v2\/tags?post=438033"}],"curies":[{"name":"wp","href":"https:\/\/api.w.org\/{rel}","templated":true}]}}