{"id":438318,"date":"2026-04-11T11:20:13","date_gmt":"2026-04-11T11:20:13","guid":{"rendered":"https:\/\/www.europesays.com\/it\/438318\/"},"modified":"2026-04-11T11:20:13","modified_gmt":"2026-04-11T11:20:13","slug":"allergie-e-bronchiti-quanto-aumentano-i-malanni-di-stagione","status":"publish","type":"post","link":"https:\/\/www.europesays.com\/it\/438318\/","title":{"rendered":"Allergie e bronchiti. Quanto aumentano i malanni di stagione"},"content":{"rendered":"\n<p> Diversi medici di medicina generale segnalano in questi giorni un numero imponente di richieste d\u2019assistenza per asma, riniti, congiuntiviti, sindromi lievi dettate in maggior parte dal cambio di stagione. \u00abTanti, davvero tanti pazienti con allergie \u2013 dice <strong class=\"nero\">Lorenzo Giorato<\/strong>, medico di famiglia al lavoro vicino alla stazione a lago \u2013 tosse, raffreddore, fatica nel respiro, qualche lineetta, gli accessi in ambulatorio sono numerosi. Questo nonostante ormai sia venuta a mancare una chiara stagionalit\u00e0 delle patologie, il calendario pi\u00f9 tradizionale dei malanni \u00e8 sempre meno attendibile\u00bb. <\/p>\n<p>Infatti circolano ancora virus che provocano simil influenze e gastroenteriti, pi\u00f9 tipiche dell\u2019autunno e dell\u2019inverno. \u00abTante allergie comunque stagionali, sono disturbi sempre pi\u00f9 diffusi nella popolazione \u2013 gli fa eco <strong class=\"nero\">Federico Citella<\/strong>, altro medico che riceve a Como citt\u00e0 \u2013 a fronte del ritorno di questi problemi molte persone non sanno come curarsi o dimenticano di farlo. Con un antistaminico, uno spray nasale, in base al quadro e ai sintomi, senza dimenticare un approfondimento ove necessario\u00bb. Tutto normale? \u00ab\u00c8 scoppiata da pochi giorni la primavera \u2013 spiega <strong class=\"nero\">Marina Mauro<\/strong>, responsabile dell\u2019Allergologia dell\u2019Asst Lariana \u2013 e dunque s\u00ec, sono tornati a manifestarsi i sintomi da allergie. Disturbi che sono soprattutto caratterizzati da starnuti, naso che cola, tosse secca, stizzosa, fino ad arrivare ai sibili, da asma allergica. Negli ultimi anni abbiamo registrato un continuo aumento di questi casi, le allergie interessano ormai in media il 30% circa della popolazione. Soprattutto per riniti e asma, una pi\u00f9 piccola parte le reali allergie alimentari\u00bb. Reali perch\u00e9 molti altri disturbi simili sono solo intolleranze, magari pi\u00f9 generici fastidi. \u00abI primi casi sono arrivati gi\u00e0 diverse settimane fa, adesso per\u00f2 \u00e8 vero, siamo entrati in un momento di picco \u2013 dice <strong class=\"nero\">Marina Russello<\/strong>, altra nota specialista comasca in Allergologia \u2013 molto dipende dal tempo, dal meteo, se \u00e8 sereno e c\u2019\u00e8 vento le allergie danno pi\u00f9 fastidio, al contrario con la pioggia si assopiscono. Adesso \u00e8 bello e sta finendo la fioritura della betulla, ancora un paio di settimane e dovrebbe calare. E per\u00f2 iniziano i pollini e le graminacee e dunque a met\u00e0 mese le due principali attese si accavallano\u00bb.<\/p>\n<p> Un consiglio? \u00abCurarsi sempre, ma senza fai da te \u2013 dice Russello \u2013 anche se gli lievi alcuni disturbi negli anni possono diventare cronici, lasciare strascichi. Una piccola asma merita una terapia calibrata e continuata nel tempo, regolare. E prima \u00e8 importante conoscere le proprie allergie con certezza, cos\u00ec da prevenire i disturbi maggiori e prevedere i periodi critici\u00bb.  <\/p>\n","protected":false},"excerpt":{"rendered":"Diversi medici di medicina generale segnalano in questi giorni un numero imponente di richieste d\u2019assistenza per asma, riniti,&hellip;\n","protected":false},"author":3,"featured_media":438319,"comment_status":"","ping_status":"","sticky":false,"template":"","format":"standard","meta":{"footnotes":"","_share_on_mastodon":"0"},"categories":[175],"tags":[4924,83453,40765,110978,239,8477,1537,90,89,247457,370,247458,247459,5277,419,5065,2259,240,2258],"class_list":["post-438318","post","type-post","status-publish","format-standard","has-post-thumbnail","category-salute","tag-ambiente","tag-asst-lariana","tag-condizioni-mediche","tag-federico-citella","tag-health","tag-inquinamento","tag-it","tag-italia","tag-italy","tag-lorenzo-giorato","tag-malattia","tag-marina-mauro","tag-marina-russello","tag-medicina","tag-meteo","tag-previsioni","tag-questioni-sociali-generico","tag-salute","tag-sociale"],"share_on_mastodon":{"url":"https:\/\/pubeurope.com\/@it\/116385810371485657","error":""},"_links":{"self":[{"href":"https:\/\/www.europesays.com\/it\/wp-json\/wp\/v2\/posts\/438318","targetHints":{"allow":["GET"]}}],"collection":[{"href":"https:\/\/www.europesays.com\/it\/wp-json\/wp\/v2\/posts"}],"about":[{"href":"https:\/\/www.europesays.com\/it\/wp-json\/wp\/v2\/types\/post"}],"author":[{"embeddable":true,"href":"https:\/\/www.europesays.com\/it\/wp-json\/wp\/v2\/users\/3"}],"replies":[{"embeddable":true,"href":"https:\/\/www.europesays.com\/it\/wp-json\/wp\/v2\/comments?post=438318"}],"version-history":[{"count":0,"href":"https:\/\/www.europesays.com\/it\/wp-json\/wp\/v2\/posts\/438318\/revisions"}],"wp:featuredmedia":[{"embeddable":true,"href":"https:\/\/www.europesays.com\/it\/wp-json\/wp\/v2\/media\/438319"}],"wp:attachment":[{"href":"https:\/\/www.europesays.com\/it\/wp-json\/wp\/v2\/media?parent=438318"}],"wp:term":[{"taxonomy":"category","embeddable":true,"href":"https:\/\/www.europesays.com\/it\/wp-json\/wp\/v2\/categories?post=438318"},{"taxonomy":"post_tag","embeddable":true,"href":"https:\/\/www.europesays.com\/it\/wp-json\/wp\/v2\/tags?post=438318"}],"curies":[{"name":"wp","href":"https:\/\/api.w.org\/{rel}","templated":true}]}}