{"id":438611,"date":"2026-04-11T15:28:13","date_gmt":"2026-04-11T15:28:13","guid":{"rendered":"https:\/\/www.europesays.com\/it\/438611\/"},"modified":"2026-04-11T15:28:13","modified_gmt":"2026-04-11T15:28:13","slug":"hannoun-c-compriamo-casa-con-i-soldi-raccolti-per-gli-orfani","status":"publish","type":"post","link":"https:\/\/www.europesays.com\/it\/438611\/","title":{"rendered":"Hannoun &#038; C: &#8220;Compriamo casa con i soldi raccolti per gli orfani&#8221;"},"content":{"rendered":"<p>\u00c8 l'&#8221;Associazione benefica di solidariet\u00e0 con il popolo palestinese&#8221;, quella al centro del presunto flusso di denaro confluito dall&#8217;Italia nelle casse degli uomini di Hamas per milioni e milioni di euro. Ma chi siamo noi per dire che quella nei confronti di terroristi non sia beneficenza? In fondo son palestinesi pure loro. Al massimo si potrebbe contestare loro una leggera omissione nella sigla. Ma forse Yaser Elsaly, uno dei due responsabili della sede milanese della Abspp (l&#8217;altro \u00e8 Raed Rawoud), in carcere con l&#8217;accusa di terrorismo insieme al loro capo Mohammad Hannoun, potrebbe spiegarci che concetto hanno di carit\u00e0, di povert\u00e0, di bisogno. Vuol dire usare i soldi per propri tornaconti? O devolverli, effettivamente, a quei poveri bambini che affrontano fame e sofferenze proprio per colpa di chi governa la striscia di Gaza, ovvero Hamas? Yaser &amp; compagni sembrano aver scelto la prima opzione. In una conversazione dell&#8217;8 settembre 2024, intercettata a bordo della Dacia di Yaser, su Whatsapp lui dice letteralmente che l&#8217;associazione \u00e8 alla ricerca di un&#8217;abitazione con un limite massimo di spesa di 170mila euro in quanto la stessa verr\u00e0 pagata con il denaro raccolto per gli orfani: &#8220;Bene&#8230; Bello&#8230; Gli ho detto&#8230; Prima di tutto, Abu Falastine (il soprannome di Dawoud ndr) non compra case&#8230; Noi le prendiamo per l&#8217;ufficio&#8230; Per l&#8217;Associazione&#8230; Secondo&#8230; Noi mettiamo un limite&#8230; Abbiamo messo un limite alle cose che noi possiamo comprare con&#8230; Questi sono soldi degli orfani&#8230; Questi sono soldi degli orfani! Noi non&#8230; Nessuno compra con i soldi di tasca propria&#8230;&#8221;.<\/p>\n<p>Una mente illuminata e illuminante. Chiss\u00e0 quanto devono essere scemi allora quegli italiani (che magari hanno pure effettuato una donazione pensando di contribuire a una giusta causa) che per garantire un tetto ai propri figli, aprono un regolare mutuo in banca, pagano gli interessi, lavorano o se non riescono pagano l&#8217;affitto nelle zone pi\u00f9 disparate delle loro citt\u00e0. Robe da matti. Perch\u00e9 fare tanta fatica? Poi Yaser spiega il loro metodo: &#8220;Noi abbiamo stabilito una nota (presumibilmente fa riferimento ad un importo, ndr) precisa al fine di&#8230; Per esempio gli ospiti che vengono da noi (in visita), invece di andare in alberghi e cose&#8230; Pertanto, abbiamo messo un limite di 170 (fa riferimento ai 170mila euro, ndr) massimo&#8230; ok?&#8221;. L&#8217;acquisto della casa a <a data-autogenerated=\"yes\" data-datalayer-click-event-target=\"internal\" href=\"https:\/\/www.ilgiornale.it\/luoghi\/milano-144656.html\" rel=\"nofollow noopener\" target=\"_blank\">Milano<\/a> non \u00e8 il solo investimento immobiliare dell&#8217;Associazione: tra i fondatori dell&#8217;Abspp c&#8217;\u00e8 anche il kuwaitiano Said Al Jaber, finito un po&#8217; ai margini del progetto sia a livello italiano che europeo e l&#8217;8 dicembre 2023, mentre \u00e8 a bordo della Golf con Hannoun, quest&#8217;ultimo gli dice di aver preso la cittadinanza turca in virt\u00f9 di una legge che consente questo tipo di operazione a chiunque acquisiti una casa l\u00ec, per poi addentrarsi nella spiegazione dell&#8217;acquisto del proprio appartamento. Lo stesso in cui presumibilmente si sarebbe rifugiato dopo aver gi\u00e0 acquistato i biglietti per andare a Istanbul a fine dicembre, avendo capito che lo avrebbero potuto arrestare. Lo stesso Hannoun che inviava messaggi vocali invitando i suoi collaboratori a confezionare un video con bambini che ringraziano l&#8217;Abspp per gli aiuti ricevuti. Ora, la Cassazione ha stabilito la scarcerazione anche di Yaser, e che dovr\u00e0 occuparsene un&#8217;altra sezione del tribunale del Riesame di Genova, che in prima battuta aveva deciso per le misure cautelari.\n<\/p>\n<p> Quali dubbi possono esserci su chi fa simili discorsi persino davanti a degli orfani che si trovano in un terreno di guerra? Su chi in loro nome compra case? Su chi li fa posare come in un &#8220;video promozionale&#8221; e intanto imbraccia un mitra, come ha fatto Riyad Albustanji o il suo amico Abu Rawwa oggi a piede libero nonostante la richiesta del pm?<\/p>\n","protected":false},"excerpt":{"rendered":"\u00c8 l&#8217;&#8221;Associazione benefica di solidariet\u00e0 con il popolo palestinese&#8221;, quella al centro del presunto flusso di denaro confluito&hellip;\n","protected":false},"author":3,"featured_media":438612,"comment_status":"","ping_status":"","sticky":false,"template":"","format":"standard","meta":{"footnotes":"","_share_on_mastodon":"0"},"categories":[79],"tags":[14,93,94,36231,1537,90,89,7,15,67515,2991,11,84,91,12,85,92],"class_list":["post-438611","post","type-post","status-publish","format-standard","has-post-thumbnail","category-italia","tag-cronaca","tag-cronaca-italiana","tag-cronacaitaliana","tag-intercettazioni","tag-it","tag-italia","tag-italy","tag-news","tag-notizie","tag-pro-palestina","tag-soldi","tag-ultime-notizie","tag-ultime-notizie-e-news-di-oggi","tag-ultime-notizie-italia","tag-ultimenotizie","tag-ultimenotizieenewsdioggi","tag-ultimenotizieitalia"],"share_on_mastodon":{"url":"https:\/\/pubeurope.com\/@it\/116386785391251858","error":""},"_links":{"self":[{"href":"https:\/\/www.europesays.com\/it\/wp-json\/wp\/v2\/posts\/438611","targetHints":{"allow":["GET"]}}],"collection":[{"href":"https:\/\/www.europesays.com\/it\/wp-json\/wp\/v2\/posts"}],"about":[{"href":"https:\/\/www.europesays.com\/it\/wp-json\/wp\/v2\/types\/post"}],"author":[{"embeddable":true,"href":"https:\/\/www.europesays.com\/it\/wp-json\/wp\/v2\/users\/3"}],"replies":[{"embeddable":true,"href":"https:\/\/www.europesays.com\/it\/wp-json\/wp\/v2\/comments?post=438611"}],"version-history":[{"count":0,"href":"https:\/\/www.europesays.com\/it\/wp-json\/wp\/v2\/posts\/438611\/revisions"}],"wp:featuredmedia":[{"embeddable":true,"href":"https:\/\/www.europesays.com\/it\/wp-json\/wp\/v2\/media\/438612"}],"wp:attachment":[{"href":"https:\/\/www.europesays.com\/it\/wp-json\/wp\/v2\/media?parent=438611"}],"wp:term":[{"taxonomy":"category","embeddable":true,"href":"https:\/\/www.europesays.com\/it\/wp-json\/wp\/v2\/categories?post=438611"},{"taxonomy":"post_tag","embeddable":true,"href":"https:\/\/www.europesays.com\/it\/wp-json\/wp\/v2\/tags?post=438611"}],"curies":[{"name":"wp","href":"https:\/\/api.w.org\/{rel}","templated":true}]}}