{"id":438837,"date":"2026-04-11T18:47:12","date_gmt":"2026-04-11T18:47:12","guid":{"rendered":"https:\/\/www.europesays.com\/it\/438837\/"},"modified":"2026-04-11T18:47:12","modified_gmt":"2026-04-11T18:47:12","slug":"due-ruote-allassalto-del-bike-park-a-viadana-una-domenica-di-sport","status":"publish","type":"post","link":"https:\/\/www.europesays.com\/it\/438837\/","title":{"rendered":"Due ruote all&#8217;assalto del Bike Park: a Viadana una domenica di sport"},"content":{"rendered":"<p class=\"MsoNormal\">Bici protagoniste a Viadana domenica prossima, con una sfida che, essendo sotto l\u2019egida della Federazione, coinvolge non solo il comprensorio locale ma tutto il Nord Italia.<\/p>\n<p class=\"MsoNormal\">\u00abAbbiamo tutte le categorie dalla G1 fino alla G12 \u2013 spiega Damiano Oliva del Team Viadana Bike \u2013 quindi dai 7 ai 12 anni. Inoltre organizzeremo anche una prova promozionale, cos\u00ec anche i pi\u00f9 piccoli potranno cimentarsi sul percorso dove gareggeranno i loro compagni un po\u2019 pi\u00f9 grandi. Speriamo in una buona partecipazione: ad oggi siamo gi\u00e0 a 110 iscritti e confidiamo di raggiungere numeri ancora pi\u00f9 alti, considerando che le iscrizioni resteranno aperte fino a venerd\u00ec\u00bb.<\/p>\n<p class=\"MsoNormal\">Il bike park, riorganizzato dal Team Viadana Bike con materiale di riciclo, garantir\u00e0 divertimento per tutti. \u00abCome societ\u00e0 GiocainBici \u2013 spiega la dirigente Barbara Bodini \u2013 parteciperemo alla gara di domenica e siamo felici di confrontarci con ragazzi provenienti da diverse province e regioni limitrofe, come Reggio, il Veneto, il Mantovano e il Cremonese. Il progetto GiocainBici, che ha sede principalmente nel Casalasco, coinvolge anche Viadana: attualmente contiamo sette tesserati viadanesi. Speriamo che iniziative come questa possano essere anche un\u2019occasione promozionale per fare scouting e avvicinare nuovi bambini\u00bb.<\/p>\n<p class=\"MsoNormal\">\u00abIl circuito \u2013 sottolinea il sindaco Nicola Cavatorta \u2013 situato nelle adiacenze di via al Ponte, rappresenta un luogo importante con un duplice valore: da un lato la riqualificazione dell\u2019area, gi\u00e0 avviata da tempo, e dall\u2019altro la promozione dell\u2019attivit\u00e0 motoria tra i pi\u00f9 giovani\u00bb.<\/p>\n<p>\n                \u00a9 Riproduzione riservata\n              <\/p>\n","protected":false},"excerpt":{"rendered":"Bici protagoniste a Viadana domenica prossima, con una sfida che, essendo sotto l\u2019egida della Federazione, coinvolge non solo&hellip;\n","protected":false},"author":3,"featured_media":438838,"comment_status":"","ping_status":"","sticky":false,"template":"","format":"standard","meta":{"footnotes":"","_share_on_mastodon":"0"},"categories":[1456],"tags":[1824,1825,629,18885,1537,90,89,18328,245,244,24044],"class_list":["post-438837","post","type-post","status-publish","format-standard","has-post-thumbnail","category-ciclismo","tag-ciclismo","tag-cycling","tag-gara","tag-giovanissimi","tag-it","tag-italia","tag-italy","tag-mountain-bike","tag-sport","tag-sports","tag-viadana"],"share_on_mastodon":{"url":"https:\/\/pubeurope.com\/@it\/116387567709457546","error":""},"_links":{"self":[{"href":"https:\/\/www.europesays.com\/it\/wp-json\/wp\/v2\/posts\/438837","targetHints":{"allow":["GET"]}}],"collection":[{"href":"https:\/\/www.europesays.com\/it\/wp-json\/wp\/v2\/posts"}],"about":[{"href":"https:\/\/www.europesays.com\/it\/wp-json\/wp\/v2\/types\/post"}],"author":[{"embeddable":true,"href":"https:\/\/www.europesays.com\/it\/wp-json\/wp\/v2\/users\/3"}],"replies":[{"embeddable":true,"href":"https:\/\/www.europesays.com\/it\/wp-json\/wp\/v2\/comments?post=438837"}],"version-history":[{"count":0,"href":"https:\/\/www.europesays.com\/it\/wp-json\/wp\/v2\/posts\/438837\/revisions"}],"wp:featuredmedia":[{"embeddable":true,"href":"https:\/\/www.europesays.com\/it\/wp-json\/wp\/v2\/media\/438838"}],"wp:attachment":[{"href":"https:\/\/www.europesays.com\/it\/wp-json\/wp\/v2\/media?parent=438837"}],"wp:term":[{"taxonomy":"category","embeddable":true,"href":"https:\/\/www.europesays.com\/it\/wp-json\/wp\/v2\/categories?post=438837"},{"taxonomy":"post_tag","embeddable":true,"href":"https:\/\/www.europesays.com\/it\/wp-json\/wp\/v2\/tags?post=438837"}],"curies":[{"name":"wp","href":"https:\/\/api.w.org\/{rel}","templated":true}]}}