{"id":438936,"date":"2026-04-11T20:23:14","date_gmt":"2026-04-11T20:23:14","guid":{"rendered":"https:\/\/www.europesays.com\/it\/438936\/"},"modified":"2026-04-11T20:23:14","modified_gmt":"2026-04-11T20:23:14","slug":"cosa-ce-dietro-al-grande-gioco-automobilistico-tra-volvo-e-polestar-news","status":"publish","type":"post","link":"https:\/\/www.europesays.com\/it\/438936\/","title":{"rendered":"Cosa c&#8217;\u00e8 dietro al grande gioco automobilistico tra Volvo e Polestar &#8211; News"},"content":{"rendered":"<p>\n            Il rapporto tra Volvo e Polestar si rafforza mentre il mercato delle auto elettriche diventa sempre pi\u00f9 competitivo. Tra investimenti, produzione condivisa e strategie globali, le due aziende ridefiniscono il loro ruolo. Ecco cosa c\u2019\u00e8 dietro l\u2019alleanza che punta a cambiare il futuro delle auto.\n        <\/p>\n<p>              11 aprile 2026<\/p>\n<p>Il rapporto tra <strong>Volvo<\/strong> e <strong>Polestar<\/strong> \u00e8 uno dei pi\u00f9 interessanti nel panorama globale delle auto elettriche. Il motivo \u00e8 <strong>semplice<\/strong>: non si tratta solo di una collaborazione industriale, ma di un intreccio strategico che coinvolge <strong>propriet\u00e0<\/strong>, <strong>produzione<\/strong> e visione del <strong>futuro.<\/strong><\/p>\n<p>In un mercato delle <strong>auto<\/strong> sempre pi\u00f9 competitivo e incerto, quindi, queste due <strong>aziende<\/strong> stanno ridefinendo i loro ruoli per affrontare la transizione verso l\u2019elettrico, cercando di <strong>ottimizzare<\/strong> risorse e rafforzare la propria posizione internazionale.<\/p>\n<p>            Volvo chiama, Polestar risponde<\/p>\n<p>Ebbene, secondo quanto riportato dal\u00a0<strong>Wall<\/strong> <strong>Street<\/strong> <strong>Journal<\/strong>, Volvo ha deciso di rafforzare il proprio legame con Polestar aumentando la partecipazione attraverso la conversione di parte del debito in <strong>capitale<\/strong>.<\/p>\n<p>L\u2019operazione porta la quota vicino al <strong>20%<\/strong>, consolidando una relazione gi\u00e0 stretta sia sul piano finanziario sia su quello operativo. <strong>Polestar<\/strong>, nata come marchio dedicato alle auto elettriche ad <strong>alte<\/strong> <strong>prestazioni<\/strong>, ha attraversato una fase difficile dopo la <strong>quotazione<\/strong>, con perdite elevate e un calo significativo del valore delle azioni.<\/p>\n<p>In questo contesto, il supporto di <strong>Volvo<\/strong> diventa fondamentale per stabilizzare i conti e sostenere lo sviluppo dei nuovi modelli. Ma dietro questa <strong>mossa<\/strong> c\u2019\u00e8 anche una strategia pi\u00f9 <strong>ampia<\/strong>: rafforzare le sinergie industriali.<\/p>\n<p>Un esempio concreto \u00e8 la decisione di concentrare la <strong>produzione<\/strong> del modello <strong>Polestar<\/strong> <strong>3<\/strong> negli Stati Uniti, nello stabilimento Volvo in South Carolina, dove gi\u00e0 vengono costruiti modelli elettrici su piattaforme condivise.<\/p>\n<p>Questa integrazione consente di ridurre i <strong>costi<\/strong>, aumentare l\u2019efficienza e rispondere meglio alle dinamiche del <strong>mercato<\/strong> <strong>americano<\/strong>, sempre pi\u00f9 centrale per le auto elettriche.<\/p>\n<p>            Cosa c&#8217;entra il gruppo Geely<\/p>\n<p>In merito a questo, <strong>Bloomberg<\/strong> ha evidenziato come il rapporto tra <strong>Volvo<\/strong> e <strong>Polestar<\/strong> si inserisca in una strategia pi\u00f9 ampia del gruppo <strong>Geely<\/strong>, il colosso cinese che controlla entrambi i marchi.<\/p>\n<p>In un contesto <strong>globale<\/strong> segnato da sovraccapacit\u00e0 <strong>produttiva<\/strong>, tensioni geopolitiche e domanda incerta, la parola chiave \u00e8 <strong>collaborazione<\/strong>. L\u2019idea, in sostanza, \u00e8 quella di utilizzare al meglio le <strong>fabbriche<\/strong> esistenti e condividere tecnologie e piattaforme per rendere pi\u00f9 sostenibile la transizione elettrica.<\/p>\n<p><strong>Volvo<\/strong>, per esempio, sta aumentando la produzione di nuovi modelli elettrici come i <strong>SUV<\/strong> di ultima generazione per rispondere a una domanda che resta forte in <strong>Europa<\/strong>, nonostante un calo complessivo delle vendite globali.<\/p>\n<p>Allo stesso tempo, Polestar continua a puntare su un <strong>posizionamento<\/strong> pi\u00f9 <strong>premium<\/strong> e innovativo, ma con il supporto industriale e finanziario della casa madre. Il risultato \u00e8 un equilibrio <strong>delicato<\/strong>.<\/p>\n<p>Da un lato <strong>Volvo<\/strong> mantiene il suo ruolo di marchio globale con una gamma ampia di auto, mentre dall\u2019altro Polestar rappresenta il laboratorio tecnologico e il volto pi\u00f9 avanzato <strong>dell\u2019elettrificazione<\/strong>. In questo \u201cgrande gioco automobilistico\u201d, insomma, la sfida non \u00e8 solo crescere, ma farlo in modo efficiente, evitando sprechi e duplicazioni in un settore che sta cambiando pi\u00f9 rapidamente che mai.<\/p>\n","protected":false},"excerpt":{"rendered":"Il rapporto tra Volvo e Polestar si rafforza mentre il mercato delle auto elettriche diventa sempre pi\u00f9 competitivo.&hellip;\n","protected":false},"author":3,"featured_media":438937,"comment_status":"","ping_status":"","sticky":false,"template":"","format":"standard","meta":{"footnotes":"","_share_on_mastodon":"0"},"categories":[172],"tags":[178,2765,4463,181,177,1537,90,89,7,71467,242,410,6732],"class_list":["post-438936","post","type-post","status-publish","format-standard","has-post-thumbnail","category-affari","tag-affari","tag-auto","tag-auto-elettrica","tag-auto-elettriche","tag-business","tag-it","tag-italia","tag-italy","tag-news","tag-polestar","tag-stati-uniti","tag-usa","tag-volvo"],"share_on_mastodon":{"url":"https:\/\/pubeurope.com\/@it\/116387945410251365","error":""},"_links":{"self":[{"href":"https:\/\/www.europesays.com\/it\/wp-json\/wp\/v2\/posts\/438936","targetHints":{"allow":["GET"]}}],"collection":[{"href":"https:\/\/www.europesays.com\/it\/wp-json\/wp\/v2\/posts"}],"about":[{"href":"https:\/\/www.europesays.com\/it\/wp-json\/wp\/v2\/types\/post"}],"author":[{"embeddable":true,"href":"https:\/\/www.europesays.com\/it\/wp-json\/wp\/v2\/users\/3"}],"replies":[{"embeddable":true,"href":"https:\/\/www.europesays.com\/it\/wp-json\/wp\/v2\/comments?post=438936"}],"version-history":[{"count":0,"href":"https:\/\/www.europesays.com\/it\/wp-json\/wp\/v2\/posts\/438936\/revisions"}],"wp:featuredmedia":[{"embeddable":true,"href":"https:\/\/www.europesays.com\/it\/wp-json\/wp\/v2\/media\/438937"}],"wp:attachment":[{"href":"https:\/\/www.europesays.com\/it\/wp-json\/wp\/v2\/media?parent=438936"}],"wp:term":[{"taxonomy":"category","embeddable":true,"href":"https:\/\/www.europesays.com\/it\/wp-json\/wp\/v2\/categories?post=438936"},{"taxonomy":"post_tag","embeddable":true,"href":"https:\/\/www.europesays.com\/it\/wp-json\/wp\/v2\/tags?post=438936"}],"curies":[{"name":"wp","href":"https:\/\/api.w.org\/{rel}","templated":true}]}}