{"id":439255,"date":"2026-04-12T00:42:21","date_gmt":"2026-04-12T00:42:21","guid":{"rendered":"https:\/\/www.europesays.com\/it\/439255\/"},"modified":"2026-04-12T00:42:21","modified_gmt":"2026-04-12T00:42:21","slug":"inter-adomavicius-voglio-giocare-al-piu-alto-livello-possibile","status":"publish","type":"post","link":"https:\/\/www.europesays.com\/it\/439255\/","title":{"rendered":"Inter, Adomavicius: &#8220;Voglio giocare al pi\u00f9 alto livello possibile&#8221;"},"content":{"rendered":"<p>Henrikas Adomavicius, portiere lituano classe 2009, sta crescendo nell&#8217;Inter Under 18. Sul sito della FIGC ecco le sue dichiarazioni<\/p>\n<p>Henrikas <a href=\"https:\/\/www.fcinter1908.it\/inter-primavera\/news-inter-primavera\/youth-league-pagelle-atletico-madrid-inter\/\" rel=\"nofollow noopener\" target=\"_blank\">Adomavicius<\/a>, portiere lituano classe 2009, sta crescendo nell&#8217;Inter Under 18: 18 partite in stagione e 7 clean sheet a referto per l&#8217;estremo difensore della squadra allenata da Fautario pi\u00f9 una con l&#8217;Under 17 (Inter-Sudtirol 1-0) e l&#8217;esordio in Youth League contro l&#8217;Atletico Madrid.<\/p>\n<p>Sul sito ufficiale della FIGC c&#8217;\u00e8 un focus sul portiere lituano che ha svelato anche alcuni dettagli della sua vita da calciatore: &#8220;Ho iniziato a giocare a 4 anni. Portiere? Mia madre mi port\u00f2 a un allenamento. Mi piacque subito. Poi mi misero in porta e da quel momento non sono pi\u00f9 uscito da l\u00ec&#8221;.<\/p>\n<p>Tra gli idoli di Adomavicius ci sono sia <strong>Neuer<\/strong> sia <strong>Sommer<\/strong>. &#8220;Dentro di lui convivono due immagini guida. Da una parte Manuel Neuer, il prototipo del portiere totale, leader e gioco alto, quasi un difensore aggiunto con i guanti. Dall\u2019altra Yann Sommer, la sintesi della reattivit\u00e0, della carriera costruita senza rumore, con pulizia e istinto.<\/p>\n<p>Due mondi che Henrikas prova a tenere insieme, come se la porta fosse un equilibrio tra caos e controllo. \u201c<strong>Voglio giocare al pi\u00f9 alto livello possibile. E dopo la carriera mi piacerebbe diventare allenatore dei portieri<\/strong>&#8220;, commenta il sito della FIGC. E il portiere lituano chiosa cos\u00ec:<\/p>\n<p>&#8220;Do sempre il massimo in allenamento e in partita. Sono contento che le statistiche parlino per me, ma il merito \u00e8 anche della difesa che ho davanti. <strong>E voglio vincere il campionato con la squadra&#8221;.<\/strong><\/p>\n<p class=\"is-copyright\">\u00a9 RIPRODUZIONE RISERVATA<\/p>\n","protected":false},"excerpt":{"rendered":"Henrikas Adomavicius, portiere lituano classe 2009, sta crescendo nell&#8217;Inter Under 18. Sul sito della FIGC ecco le sue&hellip;\n","protected":false},"author":3,"featured_media":439256,"comment_status":"","ping_status":"","sticky":false,"template":"","format":"standard","meta":{"footnotes":"","_share_on_mastodon":"0"},"categories":[1452],"tags":[111126,247894,247895,1548,4197,10798,247896,721,23067,1740,1889,247893,350,1537,90,89,92513,2855,247892,4580,1739,245,244,4315,8188],"class_list":["post-439255","post","type-post","status-publish","format-standard","has-post-thumbnail","category-calcio","tag-adomavicius","tag-adomavicius-portiere","tag-adomavicius-portiere-lituano","tag-allenamento","tag-alto","tag-alto-livello","tag-alto-livello-possibile","tag-calcio","tag-figc","tag-football","tag-giocare","tag-henrikas","tag-inter","tag-it","tag-italia","tag-italy","tag-lituano","tag-portiere","tag-portiere-lituano","tag-sito","tag-soccer","tag-sport","tag-sports","tag-under","tag-voglio"],"share_on_mastodon":{"url":"https:\/\/pubeurope.com\/@it\/116388963500241992","error":""},"_links":{"self":[{"href":"https:\/\/www.europesays.com\/it\/wp-json\/wp\/v2\/posts\/439255","targetHints":{"allow":["GET"]}}],"collection":[{"href":"https:\/\/www.europesays.com\/it\/wp-json\/wp\/v2\/posts"}],"about":[{"href":"https:\/\/www.europesays.com\/it\/wp-json\/wp\/v2\/types\/post"}],"author":[{"embeddable":true,"href":"https:\/\/www.europesays.com\/it\/wp-json\/wp\/v2\/users\/3"}],"replies":[{"embeddable":true,"href":"https:\/\/www.europesays.com\/it\/wp-json\/wp\/v2\/comments?post=439255"}],"version-history":[{"count":0,"href":"https:\/\/www.europesays.com\/it\/wp-json\/wp\/v2\/posts\/439255\/revisions"}],"wp:featuredmedia":[{"embeddable":true,"href":"https:\/\/www.europesays.com\/it\/wp-json\/wp\/v2\/media\/439256"}],"wp:attachment":[{"href":"https:\/\/www.europesays.com\/it\/wp-json\/wp\/v2\/media?parent=439255"}],"wp:term":[{"taxonomy":"category","embeddable":true,"href":"https:\/\/www.europesays.com\/it\/wp-json\/wp\/v2\/categories?post=439255"},{"taxonomy":"post_tag","embeddable":true,"href":"https:\/\/www.europesays.com\/it\/wp-json\/wp\/v2\/tags?post=439255"}],"curies":[{"name":"wp","href":"https:\/\/api.w.org\/{rel}","templated":true}]}}