{"id":439521,"date":"2026-04-12T06:08:33","date_gmt":"2026-04-12T06:08:33","guid":{"rendered":"https:\/\/www.europesays.com\/it\/439521\/"},"modified":"2026-04-12T06:08:33","modified_gmt":"2026-04-12T06:08:33","slug":"a-morbegno-si-discute-di-architettura-e-imitazione-progettuale","status":"publish","type":"post","link":"https:\/\/www.europesays.com\/it\/439521\/","title":{"rendered":"A Morbegno si discute di architettura e imitazione progettuale"},"content":{"rendered":"\n<p>La citt\u00e0 del Bitto apre il 10 aprile il ciclo di \u201cInterferenze_Architettura_Arte_Pensiero\u201d con un incontro che porta al centro del dibattito culturale il tema dell\u2019imitazione come strumento progettuale. L\u2019appuntamento, organizzato dall\u2019Ordine degli Architetti della provincia di Sondrio, \u00e8 in programma all\u2019auditorium Sant\u2019Antonio, dalle 18 alle 20, con introduzione dell\u2019architetto Carlo Ezechieli e protagonista Cino Zucchi, tra i nomi di riferimento dell\u2019architettura contemporanea italiana. Il talk, dal titolo \u201cCopycat: empatia e invidia come generatori di forma\u201d, propone una riflessione controcorrente rispetto alla ricerca ossessiva dell\u2019originalit\u00e0. Secondo Zucchi, \u00abil progetto non nasce come gesto isolato, ma come processo di confronto continuo con ci\u00f2 che esiste gi\u00e0\u00bb. In questa prospettiva, l\u2019empatia diventa capacit\u00e0 di leggere e interpretare il contesto, mentre l\u2019invidia si trasforma in stimolo critico per rielaborare modelli e soluzioni gi\u00e0 sperimentate. Ne emerge una visione dell\u2019architettura come pratica stratificata e relazionale, in cui la \u201ccopia\u201d non rappresenta una mancanza di creativit\u00e0, ma un dispositivo culturale che contribuisce alla costruzione della citt\u00e0 e dei suoi linguaggi. Docente al politecnico di Milano e gi\u00e0 visiting professor ad Harvard, Zucchi ha partecipato a diverse edizioni della biennale di Venezia e della triennale di Milano. Nel 2012 la sua installazione \u201cCopycat\u201d ha ricevuto una menzione speciale alla biennale di architettura. Tra i suoi incarichi anche la curatela del padiglione Italia alla biennale 2014 e la presidenza della giuria del premio Mies van der Rohe 2015. L\u2019incontro, aperto al pubblico e a ingresso libero, riconosce anche 2 crediti formativi professionali per gli architetti iscritti tramite il portale Cnappc. <\/p>\n","protected":false},"excerpt":{"rendered":"La citt\u00e0 del Bitto apre il 10 aprile il ciclo di \u201cInterferenze_Architettura_Arte_Pensiero\u201d con un incontro che porta al&hellip;\n","protected":false},"author":3,"featured_media":439522,"comment_status":"","ping_status":"","sticky":false,"template":"","format":"standard","meta":{"footnotes":"","_share_on_mastodon":"0"},"categories":[1446],"tags":[2670,1615,1613,1614,1611,1610,51912,1644,141125,1612,203,18831,204,1537,90,89,85900,50451,166018,1567,174747],"class_list":["post-439521","post","type-post","status-publish","format-standard","has-post-thumbnail","category-arte-e-design","tag-architettura","tag-arte","tag-arte-e-design","tag-arteedesign","tag-arts","tag-arts-and-design","tag-biennale-di-venezia","tag-cultura","tag-cultura-generico","tag-design","tag-entertainment","tag-harvard","tag-intrattenimento","tag-it","tag-italia","tag-italy","tag-mass-media","tag-padiglione-italia","tag-politecnico-di-milano","tag-storia","tag-triennale-di-milano"],"share_on_mastodon":{"url":"https:\/\/pubeurope.com\/@it\/116390245433641950","error":""},"_links":{"self":[{"href":"https:\/\/www.europesays.com\/it\/wp-json\/wp\/v2\/posts\/439521","targetHints":{"allow":["GET"]}}],"collection":[{"href":"https:\/\/www.europesays.com\/it\/wp-json\/wp\/v2\/posts"}],"about":[{"href":"https:\/\/www.europesays.com\/it\/wp-json\/wp\/v2\/types\/post"}],"author":[{"embeddable":true,"href":"https:\/\/www.europesays.com\/it\/wp-json\/wp\/v2\/users\/3"}],"replies":[{"embeddable":true,"href":"https:\/\/www.europesays.com\/it\/wp-json\/wp\/v2\/comments?post=439521"}],"version-history":[{"count":0,"href":"https:\/\/www.europesays.com\/it\/wp-json\/wp\/v2\/posts\/439521\/revisions"}],"wp:featuredmedia":[{"embeddable":true,"href":"https:\/\/www.europesays.com\/it\/wp-json\/wp\/v2\/media\/439522"}],"wp:attachment":[{"href":"https:\/\/www.europesays.com\/it\/wp-json\/wp\/v2\/media?parent=439521"}],"wp:term":[{"taxonomy":"category","embeddable":true,"href":"https:\/\/www.europesays.com\/it\/wp-json\/wp\/v2\/categories?post=439521"},{"taxonomy":"post_tag","embeddable":true,"href":"https:\/\/www.europesays.com\/it\/wp-json\/wp\/v2\/tags?post=439521"}],"curies":[{"name":"wp","href":"https:\/\/api.w.org\/{rel}","templated":true}]}}