{"id":439639,"date":"2026-04-12T08:01:11","date_gmt":"2026-04-12T08:01:11","guid":{"rendered":"https:\/\/www.europesays.com\/it\/439639\/"},"modified":"2026-04-12T08:01:11","modified_gmt":"2026-04-12T08:01:11","slug":"ranieri-gasperini-lo-scontro-spacca-la-roma-e-ora-i-friedkin-devono-decidere-come-proseguire-e-soprattutto-con-chi","status":"publish","type":"post","link":"https:\/\/www.europesays.com\/it\/439639\/","title":{"rendered":"Ranieri-Gasperini, lo scontro spacca la Roma. E ora i Friedkin devono decidere come proseguire (e soprattutto con chi)"},"content":{"rendered":"<p>Ormai non c&#8217;\u00e8 pi\u00f9 nulla da nascondere. <strong><a href=\"https:\/\/www.ilmessaggero.it\/t\/gasperini-\" rel=\"nofollow noopener\" target=\"_blank\">Gasperini<\/a>\u00a0da un lato e <a href=\"https:\/\/www.ilmessaggero.it\/t\/ranieri\" rel=\"nofollow noopener\" target=\"_blank\">Ranieri<\/a> dall&#8217;altro hanno giocato le loro rispettive carte.<\/strong> E lo hanno fatto pubblicamente, confermando una <strong>spaccatura che per mesi avevano provato a occultare<\/strong> con sorrisi di circostanza, risposte non date o dribbling linguistici.<\/p>\n<p>Ora \u00e8 tutto chiaro: il ds Massara, spesso ritenuto dai pi\u00f9 miopi l&#8217;obiettivo delle invettive dell&#8217;allenatore, \u00e8 soltanto il vaso di coccio tra due vasi di ferro, di cui uno per\u00f2 fa capo direttamente ai Friedkin. Perch\u00e9 pensare che un uomo navigato come Ranieri, capace di sviare qualsiasi argomento quando vuole, effettui una replica cos\u00ec mirata e circostanziata nei confronti del tecnico (\u00abFacile parlare di Malen e Wesley, non c\u2019\u00e8 stato un calciatore che non abbiamo scelto insieme; Avevamo cercato 5-6 allenatori, tre non sono venuti e il club ha scelto lui\u00bb) senza rispecchiare il pensiero della propriet\u00e0 Usa, vuol dire non conoscere Claudio.<\/p>\n<p><strong>L&#8217;intervento \u00e8 stato preparato, ragionato, studiato nei minimi particolari<\/strong>. E rappresenta &#8211; sia chiaro, sempre nell\u2019ottica del club &#8211; la replica ad una summa di comportamenti avuti dall&#8217;allenatore che a Trigoria da tempo non digeriscono. Si va dalle annose questioni di mercato alla gestione degli infortunati non tralasciando nemmeno la volont\u00e0 del tecnico di crearsi un rapporto diretto con la propriet\u00e0, bypassando chi invece svolge le funzioni d&#8217;intermediario.<\/p>\n<p>E poi ci sono le <strong>esternazioni pubbliche<\/strong>. Da quella estiva (\u00abSancho ha detto no alla Roma? Non \u00e8 vero, non lo ha mai fatto\u00bb) alle pi\u00f9 recenti, che hanno messo in discussione l\u2019organizzazione interna della societ\u00e0: \u00abRoma \u00e8 una piazza straordinaria, c\u2019\u00e8 tutto per far bene. Semmai dobbiamo crescere a Trigoria\u00bb. Ma non finisce qui: \u00abMettetevi d\u2019accordo, volete una Roma Under 23 o la Champions?\u00bb, detta dopo il ko di Udine. E ancora: \u00abNon pensavo di avere cos\u00ec tante difficolt\u00e0 ad inserire giocatori in ruoli chiave che cercavamo dall\u2019estate\u00bb.<\/p>\n<p>Un crescendo boleriano dove il front-man societario, almeno pubblicamente, era Massara ma a <strong>soffrire maggiormente della situazione dietro le quinte era Ranieri<\/strong>. L\u2019ultimo affondo, quello di gioved\u00ec relativo alla voglia di costruire una grande squadra puntando su profili alla Malen e alla Wesley, smarcandosi dal resto del mercato pi\u00f9 l\u2019accusa velata di aver lavorato male in precedenza (\u00abSono arrivati 30 giocatori negli ultimi due anni ma solo 4 giocano titolari\u00bb), ha fatto saltare il banco.<\/p>\n<p><strong>\u00c8 abbastanza chiaro che un gruppo di lavoro del genere non pu\u00f2 pi\u00f9 continuare insieme<\/strong>. Da un lato c\u2019\u00e8 Gasp che ricalca sempre di pi\u00f9 il manifesto mourinhano: compriamo 3-4 giocatori di qualit\u00e0 per far s\u00ec che il titolare di oggi sia la prima alternativa di lusso di domani. Discorso che in un processo di crescita in un progetto triennale, non fa una piega e si porta dietro la maggior parte dei tifosi.<\/p>\n<p>Dall\u2019altro c\u2019\u00e8 la <strong>visione societaria che deve invece fare i conti con i paletti del Fpf<\/strong> e imputa all\u2019allenatore di aver dimenticato uno dei compiti per il quale era stato preso in estate: \u00abLo abbiamo scelto &#8211; ha ricordato Ranieri venerd\u00ec &#8211; per quello che all\u2019Atalanta aveva fatto con i giovani\u00bb. Apriti cielo, pronta la risposta: \u00abNon parli dell\u2019Atalanta, perch\u00e9 ha fatto cose straordinarie sin da subito\u00bb.<\/p>\n<p> \u00a0 L\u2019ora delle scelte <\/p>\n<p>Come se ne esce? In questi casi &#8211; al di l\u00e0 dell\u2019incontro che andr\u00e0 in scena tra Claudio e Gasp domani al ritorno al lavoro &#8211; servirebbe l\u2019intervento netto e pubblico della propriet\u00e0, senza dispensare i soliti messaggi off the record che hanno soltanto l\u2019effetto di alimentare la confusione.<\/p>\n<p>Perch\u00e9 far trapelare ad esempio propositi di rivoluzione quando l\u2019allenatore poche ore prima ha affermato l\u2019esatto contrario (\u00abRicominciare da zero sarebbe una follia\u00bb) vuol dire semplicemente provare ad assecondare l\u2019umore della piazza. Non parlare, invece, fa s\u00ec che ieri in citt\u00e0 ci si dividesse tra chi pensava che Ranieri avesse agito in prima persona e altri che invece ritenevano il suo intervento a pi\u00e8 pari avallato dai Friedkin.<\/p>\n<p><strong>Il silenzio degli americani conferma &#8211; fino a prova contraria &#8211; la seconda ipotesi, ma non risolve la situazione<\/strong>. Perch\u00e9 se da un lato le parole di Claudio riflettono il pensiero della propriet\u00e0 (che curiosamente, soltanto un paio di settimane fa, aveva chiesto ai diretti interessati di abbassare i toni) dall\u2019altro lasciano trasparire un\u2019incomunicabilit\u00e0 tra le parti che pu\u00f2 portare soltanto ad un addio. Di chi, lo scelgano Dan e Ryan.<\/p>\n<p>&#13;<br \/>\n                                \u00a9 RIPRODUZIONE RISERVATA&#13;<\/p>\n<p>&#13;<\/p>\n<p>\n                            Ogni giorno le notizie della tua squadra del cuore<br \/>\n                            <b>Iscriviti<\/b> e ricevi le notizie via email\n                        <\/p>\n","protected":false},"excerpt":{"rendered":"Ormai non c&#8217;\u00e8 pi\u00f9 nulla da nascondere. Gasperini\u00a0da un lato e Ranieri dall&#8217;altro hanno giocato le loro rispettive&hellip;\n","protected":false},"author":3,"featured_media":439640,"comment_status":"","ping_status":"","sticky":false,"template":"","format":"standard","meta":{"footnotes":"","_share_on_mastodon":"0"},"categories":[176],"tags":[179440,30413,5301,32815,1537,90,89,30414,987,245,244],"class_list":["post-439639","post","type-post","status-publish","format-standard","has-post-thumbnail","category-sport","tag-claudio-ranieri","tag-friedkin","tag-gasperini","tag-gian-piero-gasperini","tag-it","tag-italia","tag-italy","tag-ranieri","tag-roma","tag-sport","tag-sports"],"share_on_mastodon":{"url":"https:\/\/pubeurope.com\/@it\/116390689876790318","error":""},"_links":{"self":[{"href":"https:\/\/www.europesays.com\/it\/wp-json\/wp\/v2\/posts\/439639","targetHints":{"allow":["GET"]}}],"collection":[{"href":"https:\/\/www.europesays.com\/it\/wp-json\/wp\/v2\/posts"}],"about":[{"href":"https:\/\/www.europesays.com\/it\/wp-json\/wp\/v2\/types\/post"}],"author":[{"embeddable":true,"href":"https:\/\/www.europesays.com\/it\/wp-json\/wp\/v2\/users\/3"}],"replies":[{"embeddable":true,"href":"https:\/\/www.europesays.com\/it\/wp-json\/wp\/v2\/comments?post=439639"}],"version-history":[{"count":0,"href":"https:\/\/www.europesays.com\/it\/wp-json\/wp\/v2\/posts\/439639\/revisions"}],"wp:featuredmedia":[{"embeddable":true,"href":"https:\/\/www.europesays.com\/it\/wp-json\/wp\/v2\/media\/439640"}],"wp:attachment":[{"href":"https:\/\/www.europesays.com\/it\/wp-json\/wp\/v2\/media?parent=439639"}],"wp:term":[{"taxonomy":"category","embeddable":true,"href":"https:\/\/www.europesays.com\/it\/wp-json\/wp\/v2\/categories?post=439639"},{"taxonomy":"post_tag","embeddable":true,"href":"https:\/\/www.europesays.com\/it\/wp-json\/wp\/v2\/tags?post=439639"}],"curies":[{"name":"wp","href":"https:\/\/api.w.org\/{rel}","templated":true}]}}