{"id":440674,"date":"2026-04-12T23:41:13","date_gmt":"2026-04-12T23:41:13","guid":{"rendered":"https:\/\/www.europesays.com\/it\/440674\/"},"modified":"2026-04-12T23:41:13","modified_gmt":"2026-04-12T23:41:13","slug":"san-vandemiano-assolo-del-polacco-jackowiak-dopo-una-fuga-di-30-km-gallery","status":"publish","type":"post","link":"https:\/\/www.europesays.com\/it\/440674\/","title":{"rendered":"SAN VANDEMIANO. ASSOLO DEL POLACCO JACKOWIAK DOPO UNA FUGA DI 30 KM GALLERY"},"content":{"rendered":"<p>Impresa solitaria del giovane polacco Jan Jackowiak sul traguardo del 19\u00b0 Trofeo Citt\u00e0 di San Vendemiano. Il portacolori della Bahrain Victorious Development, 19 anni da compiere il prossimo 23 dicembre, ha messo il sigillo sull&#8217;internazionale Under 23 splendidamente allestita anche quest&#8217;anno dagli uomini del Velo Club San Vendemiano capitanati dal Presidente, Fabrizio Furlan.<\/p>\n<p><strong>LA CRONACA<\/strong> &#8211; 160 gli atleti che si sono schierati sulla linea di partenza per andare ad affrontare i 171 chilometri in programma. La corsa si accende subito e, dopo 25 chilometri, a prendere il largo \u00e8 una fuga di 15 unit\u00e0: Rory Gravelle e Monty Rigby (Tirol KTM), Simone Zanini e Pietro Galbusera (XDS Astana), Jan Jackowiak e Santiago Basso (Bahrain Victorious), Cesar Cisneros (Petrolike), Matteo Paltrinieri (Technipes), Valentino Kamberaj e Sam Llewelyn (Skyline), Gabriele Peluso (Uc Trevigiani), Tim Mervar (KK Novo Mesto), Mattia Marcozzi (MG K Vis), Martino Sartori (Sissio Team) e Valerio Martinoli (Vc Mendrisio). Questi attaccanti guadagnano un vantaggio massimo di 3&#8217;00&#8221; sul gruppo e, con questa situazione, si sono presentati sul circuito collinare caratterizzato dalle salite di Formeniga e del Muro di Ca&#8217; del Poggio. <\/p>\n<p>Con il gruppo che alle spalle dei battistrada tentata il tutto per tutto per andare a riprendere gli attaccanti, in testa alla corsa, a 35 chilometri dal traguardo ad allungare in solitaria \u00e8 stato Jan Jackowiak che \u00e8 riuscito a disfarsi della compagnia degli avversari e ha dato vita ad uno straordinario assolo che gli ha regalato la prima affermazione stagionale. Una vittoria che sa quasi di rivincita per il ragazzo polacco che lo scorso anno, tra gli juniores, aveva chiuso al secondo posto al Giro di Primavera. Sul podio con Jackowiak salgono anche Diego Nembrini (General Store) e Alessandro Cattani (Technipes) che regolano il drappello dei pi\u00f9 immediati inseguitori. <\/p>\n<p><strong>LE MAGLIE<\/strong> &#8211; Jan Jackowiak fa incetta di maglie sul podio di San Vendemiano: sua la maglia bianca di vincitore del Trofeo Citt\u00e0 di San Vendemiano e anche la maglia gialla griffata Verniciatura Maschietto Mario Eredi Srl, con la medaglia d&#8217;oro in memoria di Mario Maschietto che \u00e8 stata ritirata dal suo DS Alessandro Pessot.\u00a0<\/p>\n<p>Sempre del ragazzo polacco anche la maglia verde di leader della classifica dei GPM, patrocinata da CSM Group e valida per il Memorial Giorgio Trolese. Infine, la maglia azzurra, \u00e8 andata a Mattia Marcozzi (MG K Vis), in qualit\u00e0 di vincitore della classifica dei traguardi volanti.<\/p>\n<p><strong>LE DICHIARAZIONI<\/strong> &#8211; Entusiasmo alle stelle in casa Bahrain Victorious con <strong>Jan Jackowiak<\/strong> che, dopo il traguardo ha confidato: &#8220;Sapevo di stare bene e ho scelto di andare in fuga per cercare di anticipare gli avversari. Con il passare dei chilometri ho capito che poteva essere la mia giornata e sono felicissimo di essere riuscito a fare la differenza su questa strade a cui sono legato gi\u00e0 dallo scorso anno. Ora staccher\u00f2 per un periodo per preparare gli esami di maturit\u00e0, poi il mio calendario prevede il Giro d&#8217;Italia Next Gen e il Tour de l&#8217;Avenir, due grandi corse a tappe nelle quali spero di ben figurare&#8221;. <\/p>\n<p>Soddisfatto anche il Presidente del Velo Club San Vendemiano, Fabrizio Furlan: &#8220;Abbiamo vissuto una splendida giornata di ciclismo con il pubblico delle grandi occasioni che ha potuto vedere in azione da vicino alcuni dei grandi talenti che sicuramente ritroveremo protagonisti nella massima categoria&#8221; ha osservato il Presidente <strong>Fabrizio Furlan<\/strong>. &#8220;Voglio ringraziare i tanti sostenitori, i volontari e le forze dell&#8217;ordine che ci hanno permesso di mettere in cantiere questo evento di altissimo livello&#8221;.\u00a0\n            <\/p>\n<p class=\"MsoNormal\"><b>ORDINE D\u2019ARRIVO<br \/>km 171 in 3h 50\u201911 media\/h 44,730<\/b><\/p>\n","protected":false},"excerpt":{"rendered":"Impresa solitaria del giovane polacco Jan Jackowiak sul traguardo del 19\u00b0 Trofeo Citt\u00e0 di San Vendemiano. Il portacolori&hellip;\n","protected":false},"author":3,"featured_media":440675,"comment_status":"","ping_status":"","sticky":false,"template":"","format":"standard","meta":{"footnotes":"","_share_on_mastodon":"0"},"categories":[1456],"tags":[23592,1824,1825,1537,90,89,248544,245,244,248545,7997],"class_list":["post-440674","post","type-post","status-publish","format-standard","has-post-thumbnail","category-ciclismo","tag-bahrain-victorious","tag-ciclismo","tag-cycling","tag-it","tag-italia","tag-italy","tag-jackowiak","tag-sport","tag-sports","tag-trofeo-san-vandemiano","tag-under-23"],"share_on_mastodon":{"url":"https:\/\/pubeurope.com\/@it\/116394386064902805","error":""},"_links":{"self":[{"href":"https:\/\/www.europesays.com\/it\/wp-json\/wp\/v2\/posts\/440674","targetHints":{"allow":["GET"]}}],"collection":[{"href":"https:\/\/www.europesays.com\/it\/wp-json\/wp\/v2\/posts"}],"about":[{"href":"https:\/\/www.europesays.com\/it\/wp-json\/wp\/v2\/types\/post"}],"author":[{"embeddable":true,"href":"https:\/\/www.europesays.com\/it\/wp-json\/wp\/v2\/users\/3"}],"replies":[{"embeddable":true,"href":"https:\/\/www.europesays.com\/it\/wp-json\/wp\/v2\/comments?post=440674"}],"version-history":[{"count":0,"href":"https:\/\/www.europesays.com\/it\/wp-json\/wp\/v2\/posts\/440674\/revisions"}],"wp:featuredmedia":[{"embeddable":true,"href":"https:\/\/www.europesays.com\/it\/wp-json\/wp\/v2\/media\/440675"}],"wp:attachment":[{"href":"https:\/\/www.europesays.com\/it\/wp-json\/wp\/v2\/media?parent=440674"}],"wp:term":[{"taxonomy":"category","embeddable":true,"href":"https:\/\/www.europesays.com\/it\/wp-json\/wp\/v2\/categories?post=440674"},{"taxonomy":"post_tag","embeddable":true,"href":"https:\/\/www.europesays.com\/it\/wp-json\/wp\/v2\/tags?post=440674"}],"curies":[{"name":"wp","href":"https:\/\/api.w.org\/{rel}","templated":true}]}}