{"id":440751,"date":"2026-04-13T01:06:13","date_gmt":"2026-04-13T01:06:13","guid":{"rendered":"https:\/\/www.europesays.com\/it\/440751\/"},"modified":"2026-04-13T01:06:13","modified_gmt":"2026-04-13T01:06:13","slug":"giaccherini-calha-via-ecco-il-nome-che-si-avvicina-altrimenti-cambierei-e-prenderei-fc-inter-1908","status":"publish","type":"post","link":"https:\/\/www.europesays.com\/it\/440751\/","title":{"rendered":"Giaccherini: \u201cCalha via? Ecco il nome che si avvicina. Altrimenti cambierei e prenderei\u2026\u201d &#8211; FC Inter 1908"},"content":{"rendered":"<ol>\n<li><a href=\"https:\/\/news.google.com\/rss\/articles\/CBMiakFVX3lxTE13eDNUNFNISlB6TGhKY0xfMDZRdmpKRFVKMnlwRE4zMUgwXzFsUUg2Z2JLU3BvV1JVbl9UQnZNQTFZb0d0anVvUkxtZ2hsbTNqclY3cUV1cW1JcDZfZF9LTTFJQzdmcGg1dEHSAW9BVV95cUxQRVdXd09Bc2NjbVJCQTRwMHl5YTljbTFyXzBNdExjaUR2eGZlZHZJN09SSkJiVnV3dFd6anVlcmtaWU5nNHNOZmNqaERpUU5LN3hUaTA3UnVzREFHd1FTSVAycWxubUdsR1NkamYyZGc?oc=5\" target=\"_blank\" rel=\"nofollow noopener\">Giaccherini: \u201cCalha via? Ecco il nome che si avvicina. Altrimenti cambierei e prenderei\u2026\u201d<\/a>&nbsp;&nbsp;FC Inter 1908<\/li>\n<li><a href=\"https:\/\/news.google.com\/rss\/articles\/CBMi1gFBVV95cUxOUWhEb0ZJX3k1R0RqUHBjY2lkRlFsekpZb20wcmRFcENyWlU5cm9PTmlPOVE4UGsxajdheXROaVRuamx1TzBTU1ZsS3RwVlhoVjdzeVhIT01Yck84akJ3Z1E3d0VJWnZrMFFrYlotVTBoTlVfc0tlcE9kakJhcmt0RUo4QzZYWjdYeFIxV0RuWGE1ZFVJckhfc2hDTGQtZjZ6QmxrelJrOUpqZngtQ1BNRWpvalFSOGdSUnVjeUtmbUtpaDMzWVNXMlBCVkdTZmpDb2VNUGFB0gHbAUFVX3lxTFBJUEFsTWk1ZGZOS0p0eS1ibGZQSGxSNFNtOFlkNFk2WU1RenVCRzh5RjlaS00tVWxqZnMydHdCS25jLTJXTmZPOEtDNWdpZE5vekVIVi0yN2ZOTUVQVm9zcWlLYnJ6elZaclRaUDNLUHRmTUFDTEVOd292Q3FPVWU5LW00cWFON3pkZHFmZXlOSm16MmtWa2lCZlhQUmhEdl9welByU1RCbXItUmZKRmRqZnpGWlY1eVAyX2hGSm5WUFdqM19SZV9vZzl0TlEzV3BveHk2bTVyay10WQ?oc=5\" target=\"_blank\" rel=\"nofollow noopener\">Inter, sicura di rinunciare a Calhanoglu? Senza Lautaro il bomber \u00e8 lui (e la media gol \u00e8 da urlo)<\/a>&nbsp;&nbsp;La Gazzetta dello Sport<\/li>\n<li><a href=\"https:\/\/news.google.com\/rss\/articles\/CBMiuAFBVV95cUxPc3MwSUFkWENCYVRmYkxILVAxVGo4N1hxbVFNc082SW9GNjN2TGNvSkI5MGVuZEtNSjRPWktZWTQ2Ti1hMl9vUmhOVE5WOU8yQ2I0Ulh4bzRmdWduU3JsZ3c2QjUzQTlwYXZYeEhoSzlPRWpOZmNHTURBWmhYdkU4VVdLM3FraTdXNEVIazk5R0RiNTV4VW1DMmR0U0dQWlVKanpod25CSUhSUHVVSzdnbmkyejZ1SElC0gG-AUFVX3lxTE5ZYTFiYkhtcmZDclZDWkRZeWFmeFBUODJkNDNZSlhBWVJkeU44RWlSQ1Q3bU5GeHZlSUJpS1hhTURlTDY4bVFKbUp1YWoyZHRUR2ZSTG1qLTZzbHlTdnNDa1FEVmdMd296cjBUbWJXT3IwOG9RTjNKbHZQYTFmcXlpZXRtMWt0RFpZSFZrMk0xSFBhNTNvQnZIbjZtRDZZSTZyVFcxWE1SQU1aYjRuOG1wLXY3eHI3clY5UDBpcGc?oc=5\" target=\"_blank\" rel=\"nofollow noopener\">Effetto \u00c7alhanoglu: \u201cIl mio tiro impossibile non \u00e8 colpa dei portieri\u201d<\/a>&nbsp;&nbsp;la Repubblica<\/li>\n<li><a href=\"https:\/\/news.google.com\/rss\/articles\/CBMivgFBVV95cUxNamVvR1FkZUN0VnhLUzhpSXIybHZGY3dsc2FUSFJaLVVmeWk5S2x3NTBZRzZmTXRZclhob3hLa3hMZ2ozT1hMU3NTTmxYNmFRQWNKNnRUX3lNRW5yYV96ejRNT0dmWkY0Y2VDMEpYZ2drSnVQUzQ2WTRXd1ZfNDhzYlRYc2RFZmo0OGxFVEg0bVNERFFCNzJKZVd2cTBOczhNU3plcjlFb1l4bXhXazdYZHFsOWlwUkFFMUw1WDFB0gF4QVVfeXFMTm5KcW5vOW9nM2p4NjhIamdlS2NCWm42RjI5bG9uNzdYU2xvZWRkeHlwQkhXcEpPNEJPTENPcHR1cVNzaF9yNWZsRGNKa0kwazJVQXdVNzJzM1pjZFdUR1FfYmZvQjlJNW01QkRUU1llMDBiWVZFOEl1?oc=5\" target=\"_blank\" rel=\"nofollow noopener\">Inter, Calhanoglu: &#8220;Non vogliamo un altro scudetto perso per un punto&#8221;. Poi &#8216;difende&#8217; Svilar<\/a>&nbsp;&nbsp;Sportmediaset<\/li>\n<li><a href=\"https:\/\/news.google.com\/rss\/articles\/CBMiwwFBVV95cUxPd1ZZRFl6Y1hVMlBSb24zWUVMRkxGdF9tSzd5N1YwSURndHQ2dGV3ekRjaHhoMHRybmFjN3FEbGhLemNCZ3pyT1F5T3ZDblN5QV9KSkdtVlpkSEQ2UmU5d1p1V0tXQmFzYVVIZVI4SGMzSXBYQVoxMmRIdXRzc29OTnlFMFFfdnA5aHd5MEVqbUh5bTUyREV0MTBrRk5ORXBlRk1hSlVwLUdYMjAzMHdHWVJfVDRRLUlmMlFTZ21BcFd1OWs?oc=5\" target=\"_blank\" rel=\"nofollow noopener\">Inter, Calhanoglu: &#8220;Chivu pi\u00f9 empatico di Inzaghi, \u00e8 pi\u00f9 vicino ai giocatori&#8221;<\/a>&nbsp;&nbsp;CalcioNapoli24<\/li>\n<\/ol>\n","protected":false},"excerpt":{"rendered":"Giaccherini: \u201cCalha via? Ecco il nome che si avvicina. Altrimenti cambierei e prenderei\u2026\u201d&nbsp;&nbsp;FC Inter 1908 Inter, sicura di&hellip;\n","protected":false},"author":3,"featured_media":440752,"comment_status":"","ping_status":"","sticky":false,"template":"","format":"standard","meta":{"footnotes":"","_share_on_mastodon":"0"},"categories":[1452],"tags":[31551,8440,3439,721,563,921,85906,248576,3705,246,1740,86457,350,1537,90,89,1739,245,244],"class_list":["post-440751","post","type-post","status-publish","format-standard","has-post-thumbnail","category-calcio","tag-avvicina","tag-barella","tag-bisogna","tag-calcio","tag-calhanoglu","tag-campo","tag-campo-mercato","tag-campo-mercato-serata","tag-como","tag-dazn","tag-football","tag-giaccherini","tag-inter","tag-it","tag-italia","tag-italy","tag-soccer","tag-sport","tag-sports"],"share_on_mastodon":{"url":"https:\/\/pubeurope.com\/@it\/116394720507980610","error":""},"_links":{"self":[{"href":"https:\/\/www.europesays.com\/it\/wp-json\/wp\/v2\/posts\/440751","targetHints":{"allow":["GET"]}}],"collection":[{"href":"https:\/\/www.europesays.com\/it\/wp-json\/wp\/v2\/posts"}],"about":[{"href":"https:\/\/www.europesays.com\/it\/wp-json\/wp\/v2\/types\/post"}],"author":[{"embeddable":true,"href":"https:\/\/www.europesays.com\/it\/wp-json\/wp\/v2\/users\/3"}],"replies":[{"embeddable":true,"href":"https:\/\/www.europesays.com\/it\/wp-json\/wp\/v2\/comments?post=440751"}],"version-history":[{"count":0,"href":"https:\/\/www.europesays.com\/it\/wp-json\/wp\/v2\/posts\/440751\/revisions"}],"wp:featuredmedia":[{"embeddable":true,"href":"https:\/\/www.europesays.com\/it\/wp-json\/wp\/v2\/media\/440752"}],"wp:attachment":[{"href":"https:\/\/www.europesays.com\/it\/wp-json\/wp\/v2\/media?parent=440751"}],"wp:term":[{"taxonomy":"category","embeddable":true,"href":"https:\/\/www.europesays.com\/it\/wp-json\/wp\/v2\/categories?post=440751"},{"taxonomy":"post_tag","embeddable":true,"href":"https:\/\/www.europesays.com\/it\/wp-json\/wp\/v2\/tags?post=440751"}],"curies":[{"name":"wp","href":"https:\/\/api.w.org\/{rel}","templated":true}]}}