{"id":440798,"date":"2026-04-13T02:00:12","date_gmt":"2026-04-13T02:00:12","guid":{"rendered":"https:\/\/www.europesays.com\/it\/440798\/"},"modified":"2026-04-13T02:00:12","modified_gmt":"2026-04-13T02:00:12","slug":"stramaccioni-se-linter-ha-un-tesoretto-sul-mercato-lo-metta-tutto-su","status":"publish","type":"post","link":"https:\/\/www.europesays.com\/it\/440798\/","title":{"rendered":"Stramaccioni: &#8220;Se l&#8217;Inter ha un tesoretto sul mercato lo metta tutto su&#8230;&#8221;"},"content":{"rendered":"<p>Andrea Stramaccioni non ha dubbi: l&#8217;Inter deve prendere questo giocatore. Queste le parole dell&#8217;allenatore negli studi di DAZN<\/p>\n<p><strong>Andrea Stramaccioni<\/strong> non ha dubbi: <strong>l&#8217;Inter deve prendere Nico Paz<\/strong>. Queste le parole dell&#8217;allenatore negli studi di DAZN:\u00a0&#8220;Ti dico che secondo me \u00e8 un giocatore che in Serie A non c&#8217;\u00e8 e per caratteristiche sarebbe ideale per l&#8217;Inter qualora non tornasse alla base.<\/p>\n<p>Sarebbe il giocatore per il quale, se fossi nel club, spenderei una cifra ragguardevole perch\u00e9 \u00e8 il giocatore chiave per un centrocampo del futuro: \u00e8 un 10 che non hai, ha quelle qualit\u00e0 che mancano al terzo centrocampista.<\/p>\n<p>L&#8217;Inter non ha un 10 cos\u00ec: lui ha anche la quantit\u00e0. Se va al Real gioca nei tre dei centrocampo: ma se avessi un tesoretto da spendere e fossi l&#8217;Inter, metterei tutto su Nico Paz. Potrebbe essere quel giocatore che ti fa fare il salto e lascia la possibilit\u00e0 per il 3-4-21 o il 4-2-3-1&#8243;.<\/p>\n<p class=\"is-copyright\">\u00a9 RIPRODUZIONE RISERVATA<\/p>\n","protected":false},"excerpt":{"rendered":"Andrea Stramaccioni non ha dubbi: l&#8217;Inter deve prendere questo giocatore. Queste le parole dell&#8217;allenatore negli studi di DAZN&hellip;\n","protected":false},"author":3,"featured_media":396528,"comment_status":"","ping_status":"","sticky":false,"template":"","format":"standard","meta":{"footnotes":"","_share_on_mastodon":"0"},"categories":[1452],"tags":[1960,248583,248584,2700,22089,248585,721,1740,564,350,1537,90,89,1739,245,244,22091],"class_list":["post-440798","post","type-post","status-publish","format-standard","has-post-thumbnail","category-calcio","tag-allenatore","tag-allenatore-studi","tag-allenatore-studi-dazn","tag-andrea","tag-andrea-stramaccioni","tag-andrea-stramaccioni-dubbi","tag-calcio","tag-football","tag-giocatore","tag-inter","tag-it","tag-italia","tag-italy","tag-soccer","tag-sport","tag-sports","tag-stramaccioni"],"share_on_mastodon":{"url":"https:\/\/pubeurope.com\/@it\/116394933087428410","error":""},"_links":{"self":[{"href":"https:\/\/www.europesays.com\/it\/wp-json\/wp\/v2\/posts\/440798","targetHints":{"allow":["GET"]}}],"collection":[{"href":"https:\/\/www.europesays.com\/it\/wp-json\/wp\/v2\/posts"}],"about":[{"href":"https:\/\/www.europesays.com\/it\/wp-json\/wp\/v2\/types\/post"}],"author":[{"embeddable":true,"href":"https:\/\/www.europesays.com\/it\/wp-json\/wp\/v2\/users\/3"}],"replies":[{"embeddable":true,"href":"https:\/\/www.europesays.com\/it\/wp-json\/wp\/v2\/comments?post=440798"}],"version-history":[{"count":0,"href":"https:\/\/www.europesays.com\/it\/wp-json\/wp\/v2\/posts\/440798\/revisions"}],"wp:featuredmedia":[{"embeddable":true,"href":"https:\/\/www.europesays.com\/it\/wp-json\/wp\/v2\/media\/396528"}],"wp:attachment":[{"href":"https:\/\/www.europesays.com\/it\/wp-json\/wp\/v2\/media?parent=440798"}],"wp:term":[{"taxonomy":"category","embeddable":true,"href":"https:\/\/www.europesays.com\/it\/wp-json\/wp\/v2\/categories?post=440798"},{"taxonomy":"post_tag","embeddable":true,"href":"https:\/\/www.europesays.com\/it\/wp-json\/wp\/v2\/tags?post=440798"}],"curies":[{"name":"wp","href":"https:\/\/api.w.org\/{rel}","templated":true}]}}