{"id":441115,"date":"2026-04-13T07:53:18","date_gmt":"2026-04-13T07:53:18","guid":{"rendered":"https:\/\/www.europesays.com\/it\/441115\/"},"modified":"2026-04-13T07:53:18","modified_gmt":"2026-04-13T07:53:18","slug":"enrica-bonaccorti-il-gesto-di-renato-zero-con-la-figlia-verdiana-a-un-mese-dalla-scomparsa","status":"publish","type":"post","link":"https:\/\/www.europesays.com\/it\/441115\/","title":{"rendered":"Enrica Bonaccorti, il gesto di Renato Zero con la figlia Verdiana a un mese dalla scomparsa"},"content":{"rendered":"<p>La<strong> scomparsa di Enrica Bonaccorti,<\/strong> avvenuta il 12 marzo 2026, ha lasciato un vuoto che ancora oggi fatica a trovare spazio per essere colmato. A un mese dalla sua perdita, il suo ricordo continua a vivere con forza nei pensieri di chi l\u2019ha amata e di chi ha avuto il privilegio di condividere con lei anni di una carriera luminosa.<\/p>\n<p>Tra questi anche <strong>Renato Zero<\/strong>, che durante una tappa del suo tour ha scelto di omaggiarla ancora una volta, con un<strong> gesto speciale<\/strong> condiviso insieme alla figlia Verdiana.\n<\/p>\n<p><strong>Renato Zero, l\u2019abbraccio con Verdiana al concerto di Bari<\/strong><\/p>\n<p style=\"font-weight: 400\">\u00c8 difficile incasellare in una definizione il rapporto tra<a href=\"https:\/\/dilei.it\/star-e-vip\/renato-zero\/\" rel=\"nofollow noopener\" target=\"_blank\"> Renato Zero<\/a> e <strong>Enrica Bonaccorti:<\/strong> amici, colleghi, complici di un legame che nel tempo ha saputo trasformarsi senza mai spezzarsi. Un affetto profondo, che negli anni si \u00e8 evoluto ma \u00e8 sempre rimasto presente, come una linea continua che non li ha mai davvero divisi.<\/p>\n<p style=\"font-weight: 400\"><strong>A un mese dalla scomparsa<\/strong> della conduttrice, Zero \u00e8 tornato sul palco per una nuova tappa del suo tour. E proprio a Bari, il cantautore non ha dimenticato chi \u00e8 stata al suo fianco per una vita intera. Dopo averla gi\u00e0<a href=\"https:\/\/dilei.it\/spettacolo\/enrica-bonaccorti-ricordo-commosso-renato-zero-palco-mantova\/2210871\/\" rel=\"nofollow noopener\" target=\"_blank\"> ricordata durante il concerto<\/a> di Mantova, ha scelto ancora una volta di <strong>renderle omaggio<\/strong>.<\/p>\n<p style=\"font-weight: 400\">Con discrezione, chiedendo al pubblico qualche istante di silenzio, si \u00e8 avvicinato al bordo del palco e ha iniziato a parlare dell\u2019amore, quello \u201clibero e sano\u201d. \u201cProprio domani, un mese fa, si spegneva la mia grande amica <a href=\"https:\/\/dilei.it\/vip\/speciale\/enrica-bonaccorti-addio\/\" rel=\"nofollow noopener\" target=\"_blank\">Enrica Bonaccorti<\/a>\u201d, ha detto, tra applausi e partecipazione.<\/p>\n<p style=\"font-weight: 400\">Poi il racconto di un momento personale: poco prima di andarsene, Enrica lo aveva chiamato promettendogli che non lo avrebbe mai lasciato solo. Il cantante \u00e8 poi <strong>sceso in platea<\/strong> per abbracciare una persona speciale regalando al pubblico uno dei momenti pi\u00f9 dolci e toccanti della serata. <strong>Verdiana Pettinari<\/strong>, la figlia di Enrica che le \u00e8 stata accanto nella malattia e fino alla fine.<\/p>\n<p><strong>Renato e Verdiana, insieme in una preghiera per Enrica<\/strong><\/p>\n<p class=\"art-text\">Dopo il concerto di Bari, Renato Zero ha voluto ritagliarsi un<strong> momento lontano dal pubblico<\/strong> per ricordare Enrica Bonaccorti insieme alla figlia Verdiana Pettinari.<\/p>\n<p class=\"art-text\">Nel giorno del trigesimo, il cantante \u00e8 infatti entrato nella Basilica di San Nicola chiedendo di potersi <strong>fermare per una preghiera<\/strong> con <a href=\"https:\/\/dilei.it\/vip\/verdiana-pettinari-chi\/1865652\/\" rel=\"nofollow noopener\" target=\"_blank\">Verdiana<\/a>. La richiesta \u00e8 stata accolta dal rettore, padre Giovanni Distante, che ha raccontato all\u2019Ansa come l\u2019incontro sia avvenuto nella mattinata, al termine della celebrazione delle 10:30.<\/p>\n<p class=\"art-text\">Zero e Verdiana sono arrivati con discrezione e si sono diretti subito nella cripta, dove sono stati raggiunti dal sacerdote per un momento condiviso di raccoglimento.<\/p>\n<p class=\"art-text\">La figlia di Enrica, ha raccontato padre Distante, <strong>si \u00e8 emozionata<\/strong> anche nel sentire il ricordo personale del rettore, che ha raccontato di aver seguito spesso il programma radiofonico della conduttrice durante i suoi viaggi.<\/p>\n<p class=\"art-text\">Dopo la preghiera, prima di lasciare la basilica, Renato Zero si \u00e8 fermato ad ascoltare alcuni racconti legati alla storia di San Nicola, restando colpito in particolare dal suo messaggio di apertura e dialogo.<\/p>\n<p>\t\t\t\tScopri i personaggi in trend, le storie del momento e molto altro.<br \/>Dove? Sul <a href=\"https:\/\/whatsapp.com\/channel\/0029Vb68mVyHVvTWezDm7d0R\" target=\"_blank\" rel=\"noopener nofollow\">canale WhatsApp di DiLei!<\/a><\/p>\n<p>\t\t\t<a class=\"buttonCall\" href=\"https:\/\/whatsapp.com\/channel\/0029Vb68mVyHVvTWezDm7d0R\" target=\"_blank\" rel=\"noopener nofollow\" title=\"Seguici su WhatsApp\"><br \/>\n\t\t\t\tSeguici su WhatsApp<br \/>\n\t\t\t<\/a><\/p>\n","protected":false},"excerpt":{"rendered":"La scomparsa di Enrica Bonaccorti, avvenuta il 12 marzo 2026, ha lasciato un vuoto che ancora oggi fatica&hellip;\n","protected":false},"author":3,"featured_media":441116,"comment_status":"","ping_status":"","sticky":false,"template":"","format":"standard","meta":{"footnotes":"","_share_on_mastodon":"0"},"categories":[1451],"tags":[1621,1620,83306,203,204,1537,90,89,26349,86],"class_list":["post-441115","post","type-post","status-publish","format-standard","has-post-thumbnail","category-celebrita","tag-celebrita","tag-celebrities","tag-enrica-bonaccorti","tag-entertainment","tag-intrattenimento","tag-it","tag-italia","tag-italy","tag-renato-zero","tag-vip"],"share_on_mastodon":{"url":"https:\/\/pubeurope.com\/@it\/116396320718311025","error":""},"_links":{"self":[{"href":"https:\/\/www.europesays.com\/it\/wp-json\/wp\/v2\/posts\/441115","targetHints":{"allow":["GET"]}}],"collection":[{"href":"https:\/\/www.europesays.com\/it\/wp-json\/wp\/v2\/posts"}],"about":[{"href":"https:\/\/www.europesays.com\/it\/wp-json\/wp\/v2\/types\/post"}],"author":[{"embeddable":true,"href":"https:\/\/www.europesays.com\/it\/wp-json\/wp\/v2\/users\/3"}],"replies":[{"embeddable":true,"href":"https:\/\/www.europesays.com\/it\/wp-json\/wp\/v2\/comments?post=441115"}],"version-history":[{"count":0,"href":"https:\/\/www.europesays.com\/it\/wp-json\/wp\/v2\/posts\/441115\/revisions"}],"wp:featuredmedia":[{"embeddable":true,"href":"https:\/\/www.europesays.com\/it\/wp-json\/wp\/v2\/media\/441116"}],"wp:attachment":[{"href":"https:\/\/www.europesays.com\/it\/wp-json\/wp\/v2\/media?parent=441115"}],"wp:term":[{"taxonomy":"category","embeddable":true,"href":"https:\/\/www.europesays.com\/it\/wp-json\/wp\/v2\/categories?post=441115"},{"taxonomy":"post_tag","embeddable":true,"href":"https:\/\/www.europesays.com\/it\/wp-json\/wp\/v2\/tags?post=441115"}],"curies":[{"name":"wp","href":"https:\/\/api.w.org\/{rel}","templated":true}]}}