{"id":441483,"date":"2026-04-13T13:02:15","date_gmt":"2026-04-13T13:02:15","guid":{"rendered":"https:\/\/www.europesays.com\/it\/441483\/"},"modified":"2026-04-13T13:02:15","modified_gmt":"2026-04-13T13:02:15","slug":"luca-spada-lombra-del-serial-killer-accusato-di-6-omicidi-quel-messaggio-al-collega-secchiamo-qualcuno","status":"publish","type":"post","link":"https:\/\/www.europesays.com\/it\/441483\/","title":{"rendered":"Luca Spada, l\u2019ombra del serial killer:\u00a0accusato di 6 omicidi. Quel messaggio al collega:\u00a0\u201cSecchiamo qualcuno\u201d"},"content":{"rendered":"<p>Forl\u00ec, 13 aprile 2026 \u2013\u00a0Ecco quali sono gli <strong>indizi<\/strong> che\u00a0hanno portato l\u2019arresto di<strong> <a rel=\"follow nofollow noopener\" href=\"https:\/\/www.ilrestodelcarlino.it\/forli\/cronaca\/luca-spada-intercettazioni-t1qxnm28\" target=\"_blank\">Luca Spada<\/a><\/strong>, l\u2019autista soccorritore di Forl\u00ec che \u00e8 in carcere da sabato per la morte di\u00a0per la morte di <a rel=\"follow nofollow noopener\" href=\"https:\/\/www.ilrestodelcarlino.it\/forli\/cronaca\/anziani-morti-ambulanza-intercettazioni-d22768f4\" target=\"_blank\"><strong>Deanna Mambelli<\/strong><\/a>, 85 anni di Forl\u00ec.\u00a0Questo decesso \u00e8 l\u2019unico per il quale il Gip ha \u201cravvisato indizi sufficienti\u201d per <strong>l\u2019arresto<\/strong>: per gli\u00a0altri 5 casi, Spada resta per ora indagato.<\/p>\n<p>Approfondisci:<\/p>\n<p><a href=\"https:\/\/www.ilrestodelcarlino.it\/forli\/cronaca\/anziani-morti-ambulanza-intercettazioni-d22768f4\" class=\"ArticleEmbed_article__embed__content__Jzqnz\" rel=\"nofollow noopener\" target=\"_blank\">\u201cAnziani uccisi in ambulanza\u201d, le intercettazioni choc di Spadino: \u201cQuei vecchietti soffrivano troppo, giusto che vadano davanti al Buon Dio. M\u2019\u00e8 piaciuto: lo rifar\u00f2\u201d<img alt=\"\u201cAnziani uccisi in ambulanza\u201d, le intercettazioni choc di Spadino: \u201cQuei vecchietti soffrivano troppo, giusto che vadano davanti al Buon Dio. M\u2019\u00e8 piaciuto: lo rifar\u00f2\u201d\" loading=\"lazy\" width=\"140\" height=\"78\" decoding=\"async\" data-nimg=\"1\" style=\"color:transparent\"  src=\"https:\/\/www.europesays.com\/it\/wp-content\/uploads\/2026\/04\/1776085333_919_a-destra-luca-spada-27enne-di-meldola-viene-condotto-in-carcere-ripreso-dalle-telecamere-del-tg1.web.webp\"\/><\/a><br \/>\nLe aggravanti contestate a Spada <\/p>\n<p>Sono <strong>cinque le aggravanti<\/strong> che la Procura di Forl\u00ec contesta a Luca Spada, l&#8217;autista di ambulanze in carcere da sabato con l&#8217;accusa di aver ucciso l&#8217;85enne Deanna Mambelli, alla quale l&#8217;indagato avrebbe <strong>iniettato aria con catetere venoso<\/strong>, il 25 novembre 2025. I pm imputano a Spada gli <strong>omicidi di sei anziani<\/strong> e di aver agito approfittando della minorata difesa delle vittime, con violazione dei doveri di incaricato di pubblico servizio, in danno di ricoverati e di aver utilizzato un mezzo insidioso. Per l&#8217;omicidio della 85enne, oggetto della misura, i pm indicano anche la <strong>premeditazione<\/strong>, ipotesi che la gip Ilaria Rosati per\u00f2 <strong>non ravvisa<\/strong>.<\/p>\n<p> <img alt=\"\" loading=\"lazy\" width=\"1800\" height=\"1199\" decoding=\"async\" data-nimg=\"1\" style=\"color:transparent;max-width:100%;height:auto\"   src=\"https:\/\/www.europesays.com\/it\/wp-content\/uploads\/2026\/04\/1776085333_270_image.webp.webp\"\/><br \/>\nIl messaggio di Spada al collega: \u201cSecchiamo qualcuno\u201d <\/p>\n<p>Secondo i pm la programmazione del delitto sarebbe dimostrata dal <strong>messaggio inviato da Spada<\/strong> a un collega il 17 novembre: &#8220;Bisogna che mercoled\u00ec 26 facciamo una lunga assieme <strong>cos\u00ec secchiamo qualcuno<\/strong> e siamo perfetto&#8221;. Un proposito, per l&#8217;accusa, a cui sarebbe stato dato seguito <strong>un giorno prima<\/strong> del previsto. Ma per la gip si tratta di elementi che non denotano in maniera univoca una <strong>scelta programmata<\/strong> (peraltro realizzata, appunto, in data diversa) ma che sono del tutto compatibili sia con il maturare estemporaneo del proposito omicidiario, che con una mera preordinazione del delitto (che \u00e8 cosa diversa dalla premeditazione). Il gip ha invece accolto il rischio di <strong>reiterazone del reato<\/strong> e dell\u2019<strong>inquinamento delle prove<\/strong>, anche se intanto era stato sospeso dalla Croce Rossa.<\/p>\n<p>Approfondisci:<\/p>\n<p><a href=\"https:\/\/www.ilrestodelcarlino.it\/forli\/cronaca\/luca-spada-intercettazioni-t1qxnm28\" class=\"ArticleEmbed_article__embed__content__Jzqnz\" rel=\"nofollow noopener\" target=\"_blank\">Le intercettazioni \u201cterribili\u201d di Luca Spada: \u201cMi \u00e8 piaciuto tanto quello che ho fatto, lo rifar\u00f2\u201d. L\u2019amica di famiglia: \u201cSono scioccata\u201d<img alt=\"Le intercettazioni \u201cterribili\u201d di Luca Spada: \u201cMi \u00e8 piaciuto tanto quello che ho fatto, lo rifar\u00f2\u201d. L\u2019amica di famiglia: \u201cSono scioccata\u201d\" loading=\"lazy\" width=\"140\" height=\"78\" decoding=\"async\" data-nimg=\"1\" style=\"color:transparent\"  src=\"https:\/\/www.europesays.com\/it\/wp-content\/uploads\/2026\/04\/luca-spada-27-anni-arrestato-dai-carabinieri.webp.webp\"\/><\/a> <\/p>\n<p>\u201cNumero abnorme di decessi\u201d <\/p>\n<p>Gli investigatori spiegano che le indagini sono partite quando in ambito sanitario sono iniziate a circolare voci che hanno portato ad <strong>accertamenti specifici<\/strong> che hanno accertato una <strong>incidenza \u201cabnorme\u201d <\/strong>di morti di anziani trasportati nelle ambulanze dove operava Spada.<\/p>\n<p>&#8220;Un esperto esterno giudica<strong> assolutamente straordinaria<\/strong> la ricorrenza delle morti. <strong>Su 16mila trasporti secondari, sono 6 i morti e 5 sono con Spada<\/strong>. \u00c8 una ricorrenza pari a chi centra una moneta da 5 centesimi su un campo da calcio, bendato, per 385 volte di seguito\u201d, fa i conti\u00a0Il procuratore Enrico Cieri.<\/p>\n<p>Tanto che Spada era gi\u00e0 seguito e intercettato: in occasione del decesso di <strong>Deanna Mambelli<\/strong>, Cieri\u00a0spiega che &#8220;la<strong> telecamera installata <\/strong>dentro l&#8217;ambulanza non ha funzionato&#8221;. I carabinieri erano pronti a <strong>intervenire in flagranza,<\/strong> ma non \u00e8 stato possibile.<\/p>\n<p>Indagato per 6 morti sospette <\/p>\n<p>Se i giudici hanno ritenuto di arrestare Spada solo per le indizi raccolti nella morte di Deanna Mambelli, ci sono altri 5 decessi sotto la lente:<\/p>\n<ul>\n<li><strong>Mirella Montanari<\/strong>, 77 anni di Forl\u00ec, morta il 13 febbraio 2025<\/li>\n<li><strong>Francesco<\/strong> <strong>Mario Scavone<\/strong>, 69 anni di Forl\u00ec, morto l&#8217; 8 luglio 2025<\/li>\n<li><strong>Edoarda<\/strong> <strong>Gasperini<\/strong>, 98 anni originaria di Forl\u00ec, morta il 26 luglio 2025<\/li>\n<li><strong>Vincenzo<\/strong> <strong>Pesci<\/strong>, 81 anni, di Modigliana, morto il 12 settembre 2025<\/li>\n<li><a rel=\"follow nofollow noopener\" href=\"https:\/\/www.ilrestodelcarlino.it\/forli\/cronaca\/lutto-nel-mondo-musicale-addio-9e886ee4\" target=\"_blank\"><strong>Vittorio<\/strong> <strong>Benini<\/strong><\/a>, 84 anni, di Forl\u00ec, morto il 13\u00a0ottobre 2025<\/li>\n<li><strong>Deanna<\/strong> <strong>Mambelli<\/strong>, 85 anni di Forl\u00ec, morta il 25 novembre 2025<\/li>\n<\/ul>\n<p>&#8220;L&#8217;indagato era solo col paziente durante il trasporto \u2013\u00a0prosegue Cieri \u2013. L&#8217;ipotesi \u00e8 quella di <strong>somministrazione di aria<\/strong>. Si trattava di &#8216;trasporti secondari&#8217;, con pazienti <strong>in condizioni stabili<\/strong>&#8220;, spiega il procuratore.<\/p>\n<p>Oltre ai sei attualmente contestati, &#8220;stiamo cercando di capire se<strong> altri casi sono sovrapponibili<\/strong>, per la presenza dell&#8217;uomo\u201d nei mezzi di soccorso, aggiunge Cieri.<\/p>\n<p>L\u2019intercettazione sulla morte di Scavone <\/p>\n<p>Originario di Civitella e residente a Cusercoli, Francesco Mario Scavone \u00e8 il pi\u00f9 giovane delle presunte vittime di Spada: aveva 69 anni. Era paziente <strong>oncologico<\/strong> ma, stando a quanto \u00e8 possibile ricostruire, le sue condizioni erano di salute erano\u00a0<strong>buone<\/strong>: nulla faceva pensare a un decesso improvviso come quello che avvenne l\u20198 luglio 2025 nel trasferimento dall\u2019ospedale di Forl\u00ec all\u2019hospice di Forlimpopoli. Intercettato al telefono, proprio quel giorno Spada disse \u201cho appena <strong>fatto un morto di Cusercoli<\/strong>\u201d.\u00a0<\/p>\n<p> <img alt=\"\" loading=\"lazy\" width=\"1600\" height=\"1066\" decoding=\"async\" data-nimg=\"1\" style=\"color:transparent;max-width:100%;height:auto\"   src=\"https:\/\/www.europesays.com\/it\/wp-content\/uploads\/2026\/04\/1776085334_139_image.webp.webp\"\/><br \/>\nIl collegamento tra Spada e le agenzie di pompe funebri <\/p>\n<p>&#8220;Un collega indicava Spada come <strong>socio di un&#8217;agenzia di pompe funebri<\/strong>. A noi questo non risulta ma \u00e8 oggetto d&#8217;accertamento&#8221;, chiarisce il procuratore. E dice che occorre valutare se alcune frasi possano essere &#8220;interpretabili&#8221; o &#8220;battute\u201d.<\/p>\n<p>L\u2019ipotesi: anziani uccisi con bolle d\u2019aria nel sangue <\/p>\n<p>Cieri spiega che l\u2019insufluzione di 100-200 ml di aria direttamente in circolo, grazie all\u2019accesso venoso libero che tutti i pazienti avevano gi\u00e0. \u201cSpada \u00e8 stato trovato in possesso di vari presidi sanitari, compreso una <strong>siringa che \u00e8 adatta<\/strong> a collegarsi all\u2019accesso venoso\u201d. L\u2019operazione che avrebbe portato alla morte degli anziani \u201cpu\u00f2 essere portato a termine in pochi minuti\u201d, spiega ancora Cieri.\u00a0<\/p>\n<p>Ma la possibilit\u00e0 di <strong>verificare l&#8217;insufflazione<\/strong> di aria, attraverso accesso venoso &#8220;si fonda <strong>sull&#8217;immediatezza dell&#8217;autopsia<\/strong>, l&#8217;aria svanisce nel tempo&#8221;. Anche per questo il procuratore ha detto che per il momento sembrano escluse <strong>riesumazioni di salme<\/strong> di casi sospetti, &#8220;sarebbero inutili&#8221;.<\/p>\n<p>Tra gli elementi a carico figura infine la <strong>testimonianza di una collega<\/strong>, che ha riferito dell&#8217;<strong>uso anomalo<\/strong> in ambulanza di strumenti come <strong>siringhe e bisturi<\/strong>, ipotizzando che l&#8217;indagato potesse introdurre aria nei cateteri dei pazienti durante i trasporti.<\/p>\n<p> <img alt=\"Luca Spada, 27 anni, arrestato dai carabinieri\" loading=\"lazy\" width=\"1600\" height=\"900\" decoding=\"async\" data-nimg=\"1\" style=\"color:transparent;max-width:100%;height:auto\"   src=\"https:\/\/www.europesays.com\/it\/wp-content\/uploads\/2026\/04\/1776085335_744_luca-spada-27-anni-arrestato-dai-carabinieri.webp.webp\"\/><\/p>\n<p>Luca Spada, 27 anni, arrestato dai carabinieri<\/p>\n<p>Resta il mistero del movente, l\u2019ombra del serial killer <\/p>\n<p>Le indagini proseguono per capire che cosa avrebbe armato la mano di Spada: il <strong>movente economico<\/strong>, ipotizzato in un primo momento, non \u00e8 confermato: nessuno dei decessi per i quali \u00e8 indagato Spada \u00e8 stato gestito dall\u2019agenzia di pompe funebri.\u00a0<\/p>\n<p>L&#8217;indagato &#8220;aveva rapporti con imprese di onoranze funebri, ne fa menzione anche lui&#8221;. E dopo l&#8217;arresto \u00e8 stata <strong>sequestrata una divisa<\/strong>, in un&#8217;agenzia funebre, che per\u00f2 non ha trattato nessuno dei morti contestati. &#8220;Un amico e collega lo indica come <strong>socio<\/strong>, a noi non risulta&#8221;. Le frasi intercettate &#8220;fanno parte del contesto&#8221;.\u00a0Sono in corso approfondimenti finanziari: \u201cAl momento non ci sono evidenze chiara di <strong>transazioni economiche<\/strong>, ma qualche traccia l\u2019abbiamo\u00a0trovata\u201d.<\/p>\n<p>E davanti all\u2019ipotesi che ci si trovi di fronte\u00a0a un <strong>serial killer<\/strong>, gli investigatori rispondono che \u00e8 in corso anche la <strong>profilazione psicologica<\/strong> di Luca Spada proprio per approfondire anche questo aspetto.<\/p>\n<p>\u201cSpada ha trovato le telecamere nelle ambulanze\u201d <\/p>\n<p>Spada a un certo punto si accorge di essere <strong>sotto osservazione<\/strong> dopo il decesso Deanna Mambelli, per la quale viene anche disposto l\u2019autopsia. \u201cA un certo punto, armato di cacciavite, ha <strong>frugato nell\u2019ambulanza<\/strong> e trova almeno una delle due telecamere montate dagli investigatori\u201d, che \u00e8 anche quello che non aveva funzionato.<\/p>\n","protected":false},"excerpt":{"rendered":"Forl\u00ec, 13 aprile 2026 \u2013\u00a0Ecco quali sono gli indizi che\u00a0hanno portato l\u2019arresto di Luca Spada, l\u2019autista soccorritore di&hellip;\n","protected":false},"author":3,"featured_media":441484,"comment_status":"","ping_status":"","sticky":false,"template":"","format":"standard","meta":{"footnotes":"","_share_on_mastodon":"0"},"categories":[79],"tags":[5623,16187,14,93,94,1537,90,89,7040,6991,6411,7,15,27252,2639,248946,91482,57872,11,84,91,12,85,92],"class_list":["post-441483","post","type-post","status-publish","format-standard","has-post-thumbnail","category-italia","tag-accusato","tag-collega","tag-cronaca","tag-cronaca-italiana","tag-cronacaitaliana","tag-it","tag-italia","tag-italy","tag-killer","tag-luca","tag-messaggio","tag-news","tag-notizie","tag-ombra","tag-omicidi","tag-secchiamo","tag-serial","tag-spada","tag-ultime-notizie","tag-ultime-notizie-e-news-di-oggi","tag-ultime-notizie-italia","tag-ultimenotizie","tag-ultimenotizieenewsdioggi","tag-ultimenotizieitalia"],"share_on_mastodon":{"url":"https:\/\/pubeurope.com\/@it\/116397536051909199","error":""},"_links":{"self":[{"href":"https:\/\/www.europesays.com\/it\/wp-json\/wp\/v2\/posts\/441483","targetHints":{"allow":["GET"]}}],"collection":[{"href":"https:\/\/www.europesays.com\/it\/wp-json\/wp\/v2\/posts"}],"about":[{"href":"https:\/\/www.europesays.com\/it\/wp-json\/wp\/v2\/types\/post"}],"author":[{"embeddable":true,"href":"https:\/\/www.europesays.com\/it\/wp-json\/wp\/v2\/users\/3"}],"replies":[{"embeddable":true,"href":"https:\/\/www.europesays.com\/it\/wp-json\/wp\/v2\/comments?post=441483"}],"version-history":[{"count":0,"href":"https:\/\/www.europesays.com\/it\/wp-json\/wp\/v2\/posts\/441483\/revisions"}],"wp:featuredmedia":[{"embeddable":true,"href":"https:\/\/www.europesays.com\/it\/wp-json\/wp\/v2\/media\/441484"}],"wp:attachment":[{"href":"https:\/\/www.europesays.com\/it\/wp-json\/wp\/v2\/media?parent=441483"}],"wp:term":[{"taxonomy":"category","embeddable":true,"href":"https:\/\/www.europesays.com\/it\/wp-json\/wp\/v2\/categories?post=441483"},{"taxonomy":"post_tag","embeddable":true,"href":"https:\/\/www.europesays.com\/it\/wp-json\/wp\/v2\/tags?post=441483"}],"curies":[{"name":"wp","href":"https:\/\/api.w.org\/{rel}","templated":true}]}}