{"id":44149,"date":"2025-08-13T00:30:18","date_gmt":"2025-08-13T00:30:18","guid":{"rendered":"https:\/\/www.europesays.com\/it\/44149\/"},"modified":"2025-08-13T00:30:18","modified_gmt":"2025-08-13T00:30:18","slug":"si-tuffa-nel-lago-e-scompare-muore-studente-di-21-anni-frequentava-luniversita-di-pisa","status":"publish","type":"post","link":"https:\/\/www.europesays.com\/it\/44149\/","title":{"rendered":"Si tuffa nel lago e scompare. Muore studente di 21 anni, frequentava l\u2019Universit\u00e0 di Pisa"},"content":{"rendered":"<p>Pisa, 12 agosto 2025 \u2013 Una gita con gli amici si \u00e8 trasformata in tragedia. Uno <strong>studente\u00a0di 21 anni<\/strong> dell&#8217;universit\u00e0 di Pisa, \u00e8 <strong>morto <\/strong>dopo essere annegato nel<strong> lago Sinizzo<\/strong>, a San Demetrio ne&#8217; Vestini, in provincia dell&#8217;Aquila. Il giovane, secondo le prime informazioni, \u00e8 di nazionalit\u00e0 tunisina.\u00a0Da una prima ricostruzione dei fatti emerge che\u00a0il giovane era\u00a0in vacanza\u00a0con il fratello e alcuni amici, si \u00e8 tuffato in acqua poco dopo pranzo e non \u00e8 pi\u00f9 riemerso, probabilmente a causa di una congestione. La dinamica e le cause sono in corso di accertamento.\u00a0<\/p>\n<p> <img alt=\"sommozzatori vigili del fuoco\" loading=\"lazy\" width=\"395\" height=\"265\" decoding=\"async\" data-nimg=\"1\" style=\"color:transparent;max-width:100%;height:auto\"   src=\"https:\/\/www.europesays.com\/it\/wp-content\/uploads\/2025\/08\/sommozzatori-vigili-del-fuoco.webp\"\/><\/p>\n<p>Sul posto anche i sommozzatori dei vigili del fuoco (Foto di repertorio)<\/p>\n<p>La tragedia\u00a0\u00e8 accaduta\u00a0sotto gli occhi dei presenti, che hanno immediatamente chiamato i soccorsi. Sul posto sono intervenuti vigili del fuoco con sommozzatori, forze dell&#8217;ordine e carabinieri. A giugno un giovane pakistano residente all&#8217;Aquila, Rahmat Hussain, 21 anni, era annegato nello stesso lago.<\/p>\n","protected":false},"excerpt":{"rendered":"Pisa, 12 agosto 2025 \u2013 Una gita con gli amici si \u00e8 trasformata in tragedia. Uno studente\u00a0di 21&hellip;\n","protected":false},"author":3,"featured_media":44150,"comment_status":"","ping_status":"","sticky":false,"template":"","format":"standard","meta":{"footnotes":"","_share_on_mastodon":"0"},"categories":[6],"tags":[14,38916,8,1537,90,89,4104,13293,7,15,82,9,83,10,3124,38915,22310,13,38914,11,80,84,12,81,85,4316],"class_list":["post-44149","post","type-post","status-publish","format-standard","has-post-thumbnail","category-ultime-notizie","tag-cronaca","tag-frequentava","tag-headlines","tag-it","tag-italia","tag-italy","tag-lago","tag-muore","tag-news","tag-notizie","tag-notizie-di-cronaca","tag-notizie-principali","tag-notiziedicronaca","tag-notizieprincipali","tag-pisa","tag-scompare","tag-studente","tag-titoli","tag-tuffa","tag-ultime-notizie","tag-ultime-notizie-di-cronaca","tag-ultime-notizie-e-news-di-oggi","tag-ultimenotizie","tag-ultimenotiziedicronaca","tag-ultimenotizieenewsdioggi","tag-universita"],"share_on_mastodon":{"url":"","error":""},"_links":{"self":[{"href":"https:\/\/www.europesays.com\/it\/wp-json\/wp\/v2\/posts\/44149","targetHints":{"allow":["GET"]}}],"collection":[{"href":"https:\/\/www.europesays.com\/it\/wp-json\/wp\/v2\/posts"}],"about":[{"href":"https:\/\/www.europesays.com\/it\/wp-json\/wp\/v2\/types\/post"}],"author":[{"embeddable":true,"href":"https:\/\/www.europesays.com\/it\/wp-json\/wp\/v2\/users\/3"}],"replies":[{"embeddable":true,"href":"https:\/\/www.europesays.com\/it\/wp-json\/wp\/v2\/comments?post=44149"}],"version-history":[{"count":0,"href":"https:\/\/www.europesays.com\/it\/wp-json\/wp\/v2\/posts\/44149\/revisions"}],"wp:featuredmedia":[{"embeddable":true,"href":"https:\/\/www.europesays.com\/it\/wp-json\/wp\/v2\/media\/44150"}],"wp:attachment":[{"href":"https:\/\/www.europesays.com\/it\/wp-json\/wp\/v2\/media?parent=44149"}],"wp:term":[{"taxonomy":"category","embeddable":true,"href":"https:\/\/www.europesays.com\/it\/wp-json\/wp\/v2\/categories?post=44149"},{"taxonomy":"post_tag","embeddable":true,"href":"https:\/\/www.europesays.com\/it\/wp-json\/wp\/v2\/tags?post=44149"}],"curies":[{"name":"wp","href":"https:\/\/api.w.org\/{rel}","templated":true}]}}