{"id":441509,"date":"2026-04-13T13:27:14","date_gmt":"2026-04-13T13:27:14","guid":{"rendered":"https:\/\/www.europesays.com\/it\/441509\/"},"modified":"2026-04-13T13:27:14","modified_gmt":"2026-04-13T13:27:14","slug":"il-monferrato-la-compagnia-del-gusto-holding-acquisisce-lo-storico-marchio-krumiri-rossi","status":"publish","type":"post","link":"https:\/\/www.europesays.com\/it\/441509\/","title":{"rendered":"Il Monferrato > La Compagnia del Gusto Holding acquisisce lo storico marchio Krumiri Rossi"},"content":{"rendered":"<p>            Articolo \u00bb<\/p>\n<p>                    Il futuro presidente della societ\u00e0 sar\u00e0 il casalese Angelo Miglietta                <\/p>\n<p>                    <img decoding=\"async\" src=\"https:\/\/www.europesays.com\/it\/wp-content\/uploads\/2026\/04\/r_810x810_da sx sergio albarelli - francesco cosulich - ettore nicoletto.jpg\" alt=\"\" class=\"img-responsive\"\/><\/p>\n<p>Da sinistra Sergio Albarelli (presidente), Francesco Cosulich (fondatore e presidente Comitato Investimenti) ed Ettore Nicoletto (Ceo) di Compagnia del Gusto Holding SpA<\/p>\n<p>di r.m.<\/p>\n<p>Una nuova pagina si apre per i Krumiri Rossi, simbolo dolciario di Casale Monferrato dal 1878. Compagnia del Gusto Holding ha acquisito il 100% dello storico marchio dalla famiglia Portinaro, che per generazioni ne ha custodito ricetta, lavorazione e identit\u00e0.<\/p>\n<p>Si tratta di una svolta importante, che segna il passaggio da una gestione familiare ultracentenaria a una nuova fase di sviluppo industriale, con l\u2019obiettivo di portare il nome di Casale Monferrato sempre pi\u00f9 lontano, rafforzando il posizionamento di un prodotto gi\u00e0 riconosciuto e amato ben oltre i confini piemontesi.<\/p>\n<p>Fondata alla fine dell\u2019Ottocento e profondamente radicata nel territorio, l\u2019azienda ha costruito nel tempo una reputazione fondata su artigianalit\u00e0, qualit\u00e0 delle materie prime e legame con la citt\u00e0. La scatola in latta rossa iconica, il laboratorio storico e la lavorazione manuale con soli cinque ingredienti sono gli elementi che hanno reso i Krumiri Rossi un orgoglio locale e un\u2019eccellenza piemontese.<\/p>\n<p>La famiglia Portinaro, che ha guidato l\u2019azienda negli ultimi decenni, lascia oggi spazio a un progetto di respiro pi\u00f9 ampio. Un vero e proprio \u201cpassaggio di testimone\u201d che vuole essere prima di tutto un tributo al lavoro straordinario svolto nel tempo.<\/p>\n<p>Anna Portinaro, indiscussa artefice del successo del marchio Krumiri Rossi per decenni, accompagner\u00e0 la nuova propriet\u00e0 nella gestione della transizione continuando a operare all\u2019interno del punto vendita storico per garantire continuit\u00e0 operativa e trasferimento di competenze.<\/p>\n<p>\u201cSono orgogliosa di quanto costruito in questi anni insieme a mio marito Carlo e con tutti i miei fedeli collaboratori e felice di passare il testimone a un gruppo di imprenditori e manager i quali, sono confidente, sapranno scrivere nuove pagine di storia per il nostro amato marchio Krumiri Rossi\u201d, dichiara Anna Portinaro, comproprietaria e Amministratrice di Portinaro e C. srl e di Krumiri Rossi srl, quest\u2019ultima societ\u00e0 detentrice del marchio Krumiri Rossi.<\/p>\n<p>\u201cSono anche molto contenta &#8211; aggiunge Anna Portinaro &#8211; che il futuro presidente della societ\u00e0 sar\u00e0 il professor Angelo Miglietta, un illustre casalese che sono certa sapr\u00e0 garantire che i valori e la storia dei Krumiri Rossi vengano non solo custoditi, ma anche valorizzati ulteriormente\u201d.<\/p>\n<p>Compagnia del Gusto Holding SpA, ha scelto di investire in un marchio simbolo dell\u2019artigianalit\u00e0 italiana, coerente con la propria missione di valorizzare brand iconici del patrimonio alimentare nazionale. L\u2019obiettivo dichiarato \u00e8 rafforzare la struttura organizzativa e distributiva, sviluppare nuove opportunit\u00e0 commerciali e accompagnare i Krumiri Rossi in un percorso di crescita internazionale, preservandone identit\u00e0, ricetta, processo produttivo e occupazione in Casale Monferrato.<\/p>\n<p>\u201cSono particolarmente soddisfatto di questa acquisizione &#8211; dichiara Sergio Albarelli, presidente di Compagnia del Gusto Holding SpA &#8211; che posiziona il nostro gruppo all\u2019apice della piramide qualitativa nel settore dei biscotti, con un marchio iconico portabandiera del Made in Italy\u201d.<\/p>\n<p>\u201cKrumiri Rossi \u00e8 solo l\u2019inizio di un percorso di strutturazione di un portfolio di prodotti alimentari artigianali di qualit\u00e0 e originalit\u00e0 &#8211; aggiunge Ettore Nicoletto, CEO di Compagnia del Gusto Holding SpA &#8211; che ci porter\u00e0 a creare un ecosistema di prodotti multiregionali di eccellenza\u201d.<\/p>\n<p>L\u2019operazione consentir\u00e0 di affiancare alla solidit\u00e0 della tradizione familiare una visione manageriale strutturata, capace di ampliare l\u2019assortimento, potenziare marketing e distribuzione e sfruttare sinergie industriali e commerciali all\u2019interno del gruppo.<\/p>\n<p>Per Casale Monferrato e per il Piemonte si tratta di un risultato dal forte valore simbolico: un marchio storico che, grazie alla scelta lungimirante della famiglia Portinaro, potr\u00e0 compiere un salto dimensionale, passando da eccellenza locale a ambasciatore globale del territorio.<\/p>\n<p>Un nuovo capitolo che parte da qui, dal laboratorio storico, per portare nel mondo il profumo di burro e vaniglia che da quasi 150 anni racconta una storia tutta casalese.<\/p>\n<p><strong>Compagnia del Gusto<\/strong><\/p>\n<p>Compagnia del Gusto Holding SpA \u00e8 una realt\u00e0 italiana attiva nell\u2019investimento e nello sviluppo di marchi del settore food &amp; beverage ad alto potenziale, con l\u2019obiettivo di creare valore attraverso managerializzazione, integrazione industriale e sviluppo internazionale. Il gruppo opera con un approccio industriale di medio-lungo termine, focalizzato su brand iconici e nicchie ad elevato valore aggiunto.<\/p>\n<p>Compagnia del Gusto \u00e8 un progetto ispirato e promosso dalla famiglia Cosulich e guidato da imprenditori e manager di altissimo profilo con esperienze consolidate nei settori finanziario, industriale e vitivinicolo.\u00a0<\/p>\n","protected":false},"excerpt":{"rendered":"Articolo \u00bb Il futuro presidente della societ\u00e0 sar\u00e0 il casalese Angelo Miglietta Da sinistra Sergio Albarelli (presidente), Francesco&hellip;\n","protected":false},"author":3,"featured_media":441510,"comment_status":"","ping_status":"","sticky":false,"template":"","format":"standard","meta":{"footnotes":"","_share_on_mastodon":"0"},"categories":[172],"tags":[178,13444,177,13445,4820,13443,7889,1537,90,89],"class_list":["post-441509","post","type-post","status-publish","format-standard","has-post-thumbnail","category-affari","tag-affari","tag-bisettimanale","tag-business","tag-casale-monferrato","tag-giornale","tag-il-monferrato","tag-informazione","tag-it","tag-italia","tag-italy"],"share_on_mastodon":{"url":"https:\/\/pubeurope.com\/@it\/116397634239818922","error":""},"_links":{"self":[{"href":"https:\/\/www.europesays.com\/it\/wp-json\/wp\/v2\/posts\/441509","targetHints":{"allow":["GET"]}}],"collection":[{"href":"https:\/\/www.europesays.com\/it\/wp-json\/wp\/v2\/posts"}],"about":[{"href":"https:\/\/www.europesays.com\/it\/wp-json\/wp\/v2\/types\/post"}],"author":[{"embeddable":true,"href":"https:\/\/www.europesays.com\/it\/wp-json\/wp\/v2\/users\/3"}],"replies":[{"embeddable":true,"href":"https:\/\/www.europesays.com\/it\/wp-json\/wp\/v2\/comments?post=441509"}],"version-history":[{"count":0,"href":"https:\/\/www.europesays.com\/it\/wp-json\/wp\/v2\/posts\/441509\/revisions"}],"wp:featuredmedia":[{"embeddable":true,"href":"https:\/\/www.europesays.com\/it\/wp-json\/wp\/v2\/media\/441510"}],"wp:attachment":[{"href":"https:\/\/www.europesays.com\/it\/wp-json\/wp\/v2\/media?parent=441509"}],"wp:term":[{"taxonomy":"category","embeddable":true,"href":"https:\/\/www.europesays.com\/it\/wp-json\/wp\/v2\/categories?post=441509"},{"taxonomy":"post_tag","embeddable":true,"href":"https:\/\/www.europesays.com\/it\/wp-json\/wp\/v2\/tags?post=441509"}],"curies":[{"name":"wp","href":"https:\/\/api.w.org\/{rel}","templated":true}]}}