{"id":442162,"date":"2026-04-13T23:43:15","date_gmt":"2026-04-13T23:43:15","guid":{"rendered":"https:\/\/www.europesays.com\/it\/442162\/"},"modified":"2026-04-13T23:43:15","modified_gmt":"2026-04-13T23:43:15","slug":"lauren-sanchez-bezos-farei-un-figlio-con-jeff-bezos-anche-domani","status":"publish","type":"post","link":"https:\/\/www.europesays.com\/it\/442162\/","title":{"rendered":"Lauren S\u00e1nchez Bezos: \u00abFarei un figlio con Jeff Bezos anche domani\u00bb"},"content":{"rendered":"<p>Lauren S\u00e1nchez Bezos \u00e8 gi\u00e0 <strong>madre di tre figli nati da precedenti relazioni<\/strong>: il primogenito, <strong>Nikko<\/strong>, 25 anni, \u00e8 nato dall&#8217;amore con l\u2019ex giocatore NFL <strong>Tony Gonzalez,<\/strong> mentre i figli <strong>Evan<\/strong>, 19, ed <strong>Ella<\/strong>, 18, sono frutto dell&#8217;amore con l\u2019ex marito di Nikko, l\u2019imprenditore <strong>Patrick Whitesell.<\/strong><\/p>\n<p>Anche il fondatore di Amazon \u00e8 padre: <strong>ha tre figli maschi e una figlia avuti dall\u2019ex moglie MacKenzie Scott<\/strong>, sulla cui vita privata mantiene il massimo riserbo.<\/p>\n<p>Sempre nel corso dell&#8217;intervista rilasciata al New York Times, Lauren S\u00e1nchez Bezos si \u00e8 aperta sulla sua relazione con Jeff Bezos, affermando: <strong>\u00abParliamo di tutto. Di tutto! Jeff \u00e8 il mio <a href=\"https:\/\/www.vanityfair.it\/benessere\/sesso\/2019\/07\/26\/quando-ti-innamori-del-tuo-migliore-amico\" rel=\"nofollow noopener\" target=\"_blank\">migliore amico<\/a>, e non lo dico tanto per dire\u00bb<\/strong>.<\/p>\n<p>Ha poi commentato <strong>le sue amicizie nel mondo dello spettacolo<\/strong>, tra cui quella con la star di Hollywood <a href=\"https:\/\/www.vanityfair.it\/benessere\/sesso\/2019\/07\/26\/quando-ti-innamori-del-tuo-migliore-amico\" rel=\"nofollow noopener\" target=\"_blank\"><strong>Leonardo DiCaprio<\/strong><\/a>, precisando: \u00abLa gente pensa che siano amicizie acquisite di recente. <strong>A dire il vero conosco Leo da quando avevo 25 anni<\/strong>\u00bb.<\/p>\n","protected":false},"excerpt":{"rendered":"Lauren S\u00e1nchez Bezos \u00e8 gi\u00e0 madre di tre figli nati da precedenti relazioni: il primogenito, Nikko, 25 anni,&hellip;\n","protected":false},"author":3,"featured_media":442163,"comment_status":"","ping_status":"","sticky":false,"template":"","format":"standard","meta":{"footnotes":"","_share_on_mastodon":"0"},"categories":[1451],"tags":[21247,1621,1620,203,204,1537,90,89,14031,24219,17926],"class_list":["post-442162","post","type-post","status-publish","format-standard","has-post-thumbnail","category-celebrita","tag-amori-delle-star","tag-celebrita","tag-celebrities","tag-entertainment","tag-intrattenimento","tag-it","tag-italia","tag-italy","tag-jeff-bezos","tag-star-in-famiglia","tag-star-nel-privato"],"share_on_mastodon":{"url":"https:\/\/pubeurope.com\/@it\/116400056276805638","error":""},"_links":{"self":[{"href":"https:\/\/www.europesays.com\/it\/wp-json\/wp\/v2\/posts\/442162","targetHints":{"allow":["GET"]}}],"collection":[{"href":"https:\/\/www.europesays.com\/it\/wp-json\/wp\/v2\/posts"}],"about":[{"href":"https:\/\/www.europesays.com\/it\/wp-json\/wp\/v2\/types\/post"}],"author":[{"embeddable":true,"href":"https:\/\/www.europesays.com\/it\/wp-json\/wp\/v2\/users\/3"}],"replies":[{"embeddable":true,"href":"https:\/\/www.europesays.com\/it\/wp-json\/wp\/v2\/comments?post=442162"}],"version-history":[{"count":0,"href":"https:\/\/www.europesays.com\/it\/wp-json\/wp\/v2\/posts\/442162\/revisions"}],"wp:featuredmedia":[{"embeddable":true,"href":"https:\/\/www.europesays.com\/it\/wp-json\/wp\/v2\/media\/442163"}],"wp:attachment":[{"href":"https:\/\/www.europesays.com\/it\/wp-json\/wp\/v2\/media?parent=442162"}],"wp:term":[{"taxonomy":"category","embeddable":true,"href":"https:\/\/www.europesays.com\/it\/wp-json\/wp\/v2\/categories?post=442162"},{"taxonomy":"post_tag","embeddable":true,"href":"https:\/\/www.europesays.com\/it\/wp-json\/wp\/v2\/tags?post=442162"}],"curies":[{"name":"wp","href":"https:\/\/api.w.org\/{rel}","templated":true}]}}