{"id":442224,"date":"2026-04-14T00:41:35","date_gmt":"2026-04-14T00:41:35","guid":{"rendered":"https:\/\/www.europesays.com\/it\/442224\/"},"modified":"2026-04-14T00:41:35","modified_gmt":"2026-04-14T00:41:35","slug":"cantavamo-cuoricini-ma-tra-me-e-california-era-gia-finita-la-differenza-deta-e-lessere-costretti-a-lavorare-insieme-hanno-pesato","status":"publish","type":"post","link":"https:\/\/www.europesays.com\/it\/442224\/","title":{"rendered":"\u00abCantavamo Cuoricini ma tra me e California era gi\u00e0 finita. La differenza d&#8217;et\u00e0 e l&#8217;essere costretti a lavorare insieme hanno pesato\u00bb"},"content":{"rendered":"<p>&#13;<br \/>\n                               &#13;<br \/>\n                                                &#13;<br \/>\n                &#13;<\/p>\n<p><strong>\u00abDopo aver distrutto tutto mi piacerebbe ritrovarmi\u00bb<\/strong>. A parlare \u00e8 <a href=\"https:\/\/www.leggo.it\/t\/fausto-zanardelli\" rel=\"nofollow noopener\" target=\"_blank\">Fausto Zanardelli<\/a>, in arte Fausto Lama. L&#8217;ex del duo <a href=\"https:\/\/www.leggo.it\/t\/coma-cose\" rel=\"nofollow noopener\" target=\"_blank\">Coma Cose<\/a> riassumerebbe cos\u00ec l&#8217;ultimo anno:\u00a0\u00abGioie, dolori batoste e rinascite tutto insieme\u00bb. Il cantautore lombardo, 47 anni, dopo il divorzio e la fine del sodalizio artistico con <a href=\"https:\/\/www.leggo.it\/t\/francesca-mesiano\" rel=\"nofollow noopener\" target=\"_blank\">Francesca Mesiano<\/a>, si appresta a scrivere il primo capitolo della sua carriera da solista con il brano Giovani Bukoski.\u00a0Intervistato da Repubblica, Fausto torna a parlare della fine del matrimonio con Francesca e della serenit\u00e0 ritrovata.\u00a0<\/p>\n<p>&#13;<br \/>\n&#13;<br \/>\nLa fine di un amore\u00a0&#13;<br \/>\n&#13;<\/p>\n<p>A pesare di pi\u00f9 nella relazione con California (pseudonimo di Mesiano), 36 anni, \u00e8 stato l&#8217;insieme di diversi fattori, che si intuiscono gi\u00e0 nel brano Cuoricini:\u00a0\u00abHo sempre scritto per lei. Ha fatto male, tra la differenza d\u2019et\u00e0 e le difficolt\u00e0 di lavorare comunque insieme, un po\u2019 per pudore e un po\u2019 di senso del dovere, ma oggi sono gi\u00e0 altrove\u00bb, confessa Fausto. Rivangare il passato lo annoia, ma adesso non fa pi\u00f9 male:<strong style=\"font-size: 18px;\">\u00a0\u00abI ricordi brutti dell\u2019ultimo tour \u00e8 come se fossero evaporati\u00bb<\/strong>, ammette.<\/p>\n<p>&#13;<br \/>\n&#13;<\/p>\n<p>Trovare la propria dimensione per esprimersi \u00e8 ci\u00f2 che augura anche a Francesca:\u00a0\u00abSo che anche lei sta lavorando e ha le idee chiare su quello che vuole fare\u00bb. Anche se separati, l&#8217;ex duo sembrerebbe essere\u00a0giunto alla medesima consapevolezza: \u00abAll&#8217;inizio pensavo di dover riempire un vuoto, e invece faccio quello che c\u2019\u00e8 sempre stato, la musica\u00bb. E ora Fausto non esclude che possa tornare a calcare il palco di Sanremo, in solitaria.\u00a0<\/p>\n<p>                                &#13;<br \/>\n                &#13;<br \/>\n&#13;<br \/>\n                Ultimo aggiornamento: sabato 11 aprile 2026, 11:33&#13;<br \/>\n                <br \/>&#13;<br \/>\n                &#13;<br \/>\n                  &#13;<br \/>\n                    &#13;<br \/>\n                        \u00a9 RIPRODUZIONE RISERVATA&#13;<\/p>\n<p>&#13;<\/p>\n<p>                    &#13;<\/p>\n","protected":false},"excerpt":{"rendered":"&#13; &#13; &#13; &#13; \u00abDopo aver distrutto tutto mi piacerebbe ritrovarmi\u00bb. A parlare \u00e8 Fausto Zanardelli, in arte&hellip;\n","protected":false},"author":3,"featured_media":442225,"comment_status":"","ping_status":"","sticky":false,"template":"","format":"standard","meta":{"footnotes":"","_share_on_mastodon":"0"},"categories":[1443],"tags":[94587,203,170484,204,1537,90,89,1538,1539],"class_list":["post-442224","post","type-post","status-publish","format-standard","has-post-thumbnail","category-musica","tag-coma-cose","tag-entertainment","tag-fausto-lama","tag-intrattenimento","tag-it","tag-italia","tag-italy","tag-music","tag-musica"],"share_on_mastodon":{"url":"https:\/\/pubeurope.com\/@it\/116400284448891675","error":""},"_links":{"self":[{"href":"https:\/\/www.europesays.com\/it\/wp-json\/wp\/v2\/posts\/442224","targetHints":{"allow":["GET"]}}],"collection":[{"href":"https:\/\/www.europesays.com\/it\/wp-json\/wp\/v2\/posts"}],"about":[{"href":"https:\/\/www.europesays.com\/it\/wp-json\/wp\/v2\/types\/post"}],"author":[{"embeddable":true,"href":"https:\/\/www.europesays.com\/it\/wp-json\/wp\/v2\/users\/3"}],"replies":[{"embeddable":true,"href":"https:\/\/www.europesays.com\/it\/wp-json\/wp\/v2\/comments?post=442224"}],"version-history":[{"count":0,"href":"https:\/\/www.europesays.com\/it\/wp-json\/wp\/v2\/posts\/442224\/revisions"}],"wp:featuredmedia":[{"embeddable":true,"href":"https:\/\/www.europesays.com\/it\/wp-json\/wp\/v2\/media\/442225"}],"wp:attachment":[{"href":"https:\/\/www.europesays.com\/it\/wp-json\/wp\/v2\/media?parent=442224"}],"wp:term":[{"taxonomy":"category","embeddable":true,"href":"https:\/\/www.europesays.com\/it\/wp-json\/wp\/v2\/categories?post=442224"},{"taxonomy":"post_tag","embeddable":true,"href":"https:\/\/www.europesays.com\/it\/wp-json\/wp\/v2\/tags?post=442224"}],"curies":[{"name":"wp","href":"https:\/\/api.w.org\/{rel}","templated":true}]}}