{"id":442228,"date":"2026-04-14T00:43:14","date_gmt":"2026-04-14T00:43:14","guid":{"rendered":"https:\/\/www.europesays.com\/it\/442228\/"},"modified":"2026-04-14T00:43:14","modified_gmt":"2026-04-14T00:43:14","slug":"a-spor-calhanoglu-al-99-sara-del-galatasaray-mancano-solo-le-firme-con-linter","status":"publish","type":"post","link":"https:\/\/www.europesays.com\/it\/442228\/","title":{"rendered":"A Spor &#8211; Calhanoglu al 99% sar\u00e0 del Galatasaray, mancano solo le firme con l&#8217;Inter"},"content":{"rendered":"<p>L&#8217;indiscrezione \u00e8 stata lanciata dall&#8217;opinionista e dirigente turco che si occupa di sostenibilit\u00e0 finanziaria Taner Karaman, presente negli studi della televisione turca.<\/p>\n<p>Il futuro di <b><strong>Hakan Calhanoglu<\/strong><\/b> \u00e8 uno dei temi pi\u00f9 importanti che l&#8217;Inter dovr\u00e0 fronteggiare in estate in vista della prossima stagione. Il contratto del centrocampista turco \u00e8 in <b><strong>scadenza al 30 giugno 2027 e un trattativa per rinnovare non \u00e8 ancora ufficialmente partita<\/strong><\/b>. <\/p>\n<p>Ad oggi il club nerazzurro \u00e8 propenso ad offrire all&#8217;ex-Milan un rinovo al ribasso e sullo sfondo gi\u00e0 da tempo si sta muovendo il <b><strong>Galatasaray<\/strong><\/b> che \u00e8 pronto a soddisfare la voglia di Calhanoglu di chiudere la carriera con un approdo in patria in Turchia.<\/p>\n<p>Non solo calcio, scoprite nella nostra sezione apposita<a href=\"https:\/\/www.calciomercato.com\/scommesse\/casino\/spid\/1566134\" data-affiliate-type=\"NONE\" rel=\"nofollow noopener\" target=\"_blank\">\u00a0i migliori casin\u00f2 con spid 2026.<\/a><\/p>\n","protected":false},"excerpt":{"rendered":"L&#8217;indiscrezione \u00e8 stata lanciata dall&#8217;opinionista e dirigente turco che si occupa di sostenibilit\u00e0 finanziaria Taner Karaman, presente negli&hellip;\n","protected":false},"author":3,"featured_media":442229,"comment_status":"","ping_status":"","sticky":false,"template":"","format":"standard","meta":{"footnotes":"","_share_on_mastodon":"0"},"categories":[176],"tags":[353,5427,2246,11433,350,91594,1537,90,89,245,244,355],"class_list":["post-442228","post","type-post","status-publish","format-standard","has-post-thumbnail","category-sport","tag-calciomercato","tag-estero","tag-galatasaray","tag-h-calhanoglu","tag-inter","tag-international-football","tag-it","tag-italia","tag-italy","tag-sport","tag-sports","tag-transfers"],"share_on_mastodon":{"url":"https:\/\/pubeurope.com\/@it\/116400292361393824","error":""},"_links":{"self":[{"href":"https:\/\/www.europesays.com\/it\/wp-json\/wp\/v2\/posts\/442228","targetHints":{"allow":["GET"]}}],"collection":[{"href":"https:\/\/www.europesays.com\/it\/wp-json\/wp\/v2\/posts"}],"about":[{"href":"https:\/\/www.europesays.com\/it\/wp-json\/wp\/v2\/types\/post"}],"author":[{"embeddable":true,"href":"https:\/\/www.europesays.com\/it\/wp-json\/wp\/v2\/users\/3"}],"replies":[{"embeddable":true,"href":"https:\/\/www.europesays.com\/it\/wp-json\/wp\/v2\/comments?post=442228"}],"version-history":[{"count":0,"href":"https:\/\/www.europesays.com\/it\/wp-json\/wp\/v2\/posts\/442228\/revisions"}],"wp:featuredmedia":[{"embeddable":true,"href":"https:\/\/www.europesays.com\/it\/wp-json\/wp\/v2\/media\/442229"}],"wp:attachment":[{"href":"https:\/\/www.europesays.com\/it\/wp-json\/wp\/v2\/media?parent=442228"}],"wp:term":[{"taxonomy":"category","embeddable":true,"href":"https:\/\/www.europesays.com\/it\/wp-json\/wp\/v2\/categories?post=442228"},{"taxonomy":"post_tag","embeddable":true,"href":"https:\/\/www.europesays.com\/it\/wp-json\/wp\/v2\/tags?post=442228"}],"curies":[{"name":"wp","href":"https:\/\/api.w.org\/{rel}","templated":true}]}}