{"id":443330,"date":"2026-04-14T17:47:16","date_gmt":"2026-04-14T17:47:16","guid":{"rendered":"https:\/\/www.europesays.com\/it\/443330\/"},"modified":"2026-04-14T17:47:16","modified_gmt":"2026-04-14T17:47:16","slug":"allegri-e-litalia-perche-stare-al-milan-perche-andare-in-nazionale","status":"publish","type":"post","link":"https:\/\/www.europesays.com\/it\/443330\/","title":{"rendered":"Allegri e l&#8217;Italia: perch\u00e9 stare al Milan, perch\u00e9 andare in Nazionale"},"content":{"rendered":"<p>                                L&#8217;allenatore del Milan \u00e8 un candidato alla panchina dell&#8217;Italia, a oggi la grande alternativa ad Antonio Conte. Meglio il rossonero o l&#8217;azzurro? Le sue priorit\u00e0 sono chiare&#8230;<\/p>\n<p>            <a class=\"image is-50x50\" href=\"https:\/\/www.gazzetta.it\/redazione\/luca-bianchin\/\" rel=\"nofollow noopener\" target=\"_blank\"><br \/>\n                <img decoding=\"async\" class=\"is-rounded\" src=\"https:\/\/www.europesays.com\/it\/wp-content\/uploads\/2025\/11\/luca_bianchin_avatar.png\" alt=\"Luca Bianchin\"\/><br \/>\n            <\/a><\/p>\n<p>Giornalista<\/p>\n<p>                    14 aprile &#8211; 18:50  &#8211; MILANO<\/p>\n<p class=\"paragraph\" spellcheck=\"true\">Il mondo sembrava pieno di certezze, un mese fa: Chivu rester\u00e0 all&#8217;Inter anche nella prossima stagione, Gasperini allener\u00e0 ancora la Roma (&#8220;non si amano ma come potrebbe lasciare dopo un anno solo?&#8221;), Allegri sar\u00e0 la prima certezza del Milan. Su Chivu, tutto sereno. Sugli altri, insomma&#8230; <a href=\"https:\/\/www.gazzetta.it\/Calcio\/Nazionale\/14-04-2026\/nazionale-allegri-conte-e-corsa-a-due-per-l-italia.shtml?intcmp=hyperlink-articolo-gazit\" rel=\"nofollow noopener\" target=\"_blank\">Massimiliano Allegri \u00e8 un candidato sempre pi\u00f9 credibile per la Nazionale<\/a>, in un classico scenario del calcio di questi giorni, volubile come il cielo di aprile. Cento variabili incideranno: le scelte dei calciatori nelle elezioni Figc, un eventuale terzo candidato rivale di Abete e Malag\u00f2, l&#8217;interesse per Antonio Conte. Il primo passo per\u00f2 \u00e8 capire che cosa vuole Allegri.\u00a0<\/p>\n<p>        perch\u00e9 stare al milan\u2014 \u00a0<\/p>\n<p class=\"paragraph\" spellcheck=\"true\">Astrattamente, il ragionamento \u00e8 lineare. Allegri ha buoni motivi per restare al Milan. Milano \u00e8 un suo luogo di elezione, uno dei tre vertici del triangolo con Torino e Livorno su cui ha costruito la vita. E la Champions League, che il Milan punta a raggiungere presto, \u00e8 un ambiente che a Max \u00e8 mancato parecchio in questi anni, la sfida ideale per continuare la risalita iniziata in questi mesi. S\u00ec, ma la Nazionale? \u00c8 nelle sue idee per la vita ma il 2026 non \u00e8 certo il momento pi\u00f9 semplice per entrare nei quadri federali. Idealmente, Allegri potrebbe mettere la giacca con le quattro stelle tra due, quattro, sei anni.\u00a0<\/p>\n<p>        perch\u00e9 andare in nazionale\u2014 \u00a0<\/p>\n<p class=\"paragraph\" spellcheck=\"true\">Allo stesso tempo, ci sono ragionamenti che spingono all&#8217;azzurro. La Nazionale \u00e8 molto affascinante e Allegri <a href=\"https:\/\/www.gazzetta.it\/Calcio\/Nazionale\/14-04-2026\/perche-allegri-sarebbe-il-ct-giusto-per-la-nazionale.shtml?intcmp=hyperlink-articolo-gazit\" rel=\"nofollow noopener\" target=\"_blank\">sulla carta \u00e8 nato per quel ruolo<\/a>: non \u00e8 ossessionato dal lavoro sul campo, gestisce le pressioni come pochi, allena meglio le partite importanti. La sfida segnerebbe la sua vita: ogni allenatore cresce guardando il Mondiale e, se pu\u00f2 viverlo dall&#8217;interno, non si fa pregare. La situazione al Milan, poi, ora non \u00e8 ideale: c&#8217;\u00e8 un futuro da programmare e tanti aspetti da chiarire all&#8217;interno, se si vuole vivere un&#8217;estate con progetto condiviso e unit\u00e0 di intenti.\u00a0<\/p>\n<p><a class=\"is-partner-link\" href=\"https:\/\/aipredictor.gazzetta.it\/?intcmp=linkArticoloSerieA\" rel=\"nofollow noopener\" target=\"_blank\">Pronostici sulla Serie A generati dalla nostra IA. Prova gratis Gazzetta AI Predictor.<\/a><\/p>\n<p>        nella testa di allegri\u2014 \u00a0<\/p>\n<p class=\"paragraph\" spellcheck=\"true\">I tempi saranno importanti. Il presidente federale sar\u00e0 eletto il 22 giugno: tardi, in una logica di calcio. Prima, molto prima, Allegri far\u00e0 la riunione pi\u00f9 importante sul 2026-27 con il Milan. Quando? Subito dopo la qualificazione alla Champions, se qualificazione alla Champions sar\u00e0. In quella riunione, si parler\u00e0 di futuro e Max verosimilmente chieder\u00e0 che si lavori a un progetto chiaro, con ruoli definiti, in cui prevedere il rafforzamento della squadra. Cerca rinforzi di livello, con curriculum internazionale. Chi ipotizza che il centravanti, il difensore centrale e la mezzala destra siano i suoi primi obiettivi, non sbaglia di molto. E allora? E allora tutto si giocher\u00e0 sugli equilibri, sui desideri. La domanda chiave: chi, tra il prossimo presidente federale e <a href=\"https:\/\/www.gazzetta.it\/scommesse\/pronostici\/calcio\/serie-a\/14-04-2026\/quote-prossimo-allenatore-milan-gasperini-74099.shtml?intcmp=hyperlink-articolo-gazit\" rel=\"nofollow noopener\" target=\"_blank\">il Milan attuale<\/a>, vorr\u00e0 davvero Allegri con forza?<\/p>\n<p class=\"is-copyright\">\u00a9 RIPRODUZIONE RISERVATA<\/p>\n","protected":false},"excerpt":{"rendered":"L&#8217;allenatore del Milan \u00e8 un candidato alla panchina dell&#8217;Italia, a oggi la grande alternativa ad Antonio Conte. Meglio&hellip;\n","protected":false},"author":3,"featured_media":443331,"comment_status":"","ping_status":"","sticky":false,"template":"","format":"standard","meta":{"footnotes":"","_share_on_mastodon":"0"},"categories":[1452],"tags":[144348,3076,1960,32,119,11807,7920,721,2409,1969,2839,2790,284,1740,31016,2666,955,1537,90,89,3444,553,6706,135,63434,2851,4285,169252,4575,3461,1739,245,244,2183,249866,4969],"class_list":["post-443330","post","type-post","status-publish","format-standard","has-post-thumbnail","category-calcio","tag-abete","tag-allegri","tag-allenatore","tag-andare","tag-antonio","tag-antonio-conte","tag-azzurro","tag-calcio","tag-candidato","tag-champions","tag-chivu","tag-conte","tag-federale","tag-football","tag-ideale","tag-importanti","tag-interno","tag-it","tag-italia","tag-italy","tag-max","tag-milan","tag-motivi","tag-presidente","tag-presidente-federale","tag-progetto","tag-qualificazione","tag-qualificazione-champions","tag-riunione","tag-sfida","tag-soccer","tag-sport","tag-sports","tag-stare","tag-stare-milan","tag-vuole"],"share_on_mastodon":{"url":"https:\/\/pubeurope.com\/@it\/116404318927235751","error":""},"_links":{"self":[{"href":"https:\/\/www.europesays.com\/it\/wp-json\/wp\/v2\/posts\/443330","targetHints":{"allow":["GET"]}}],"collection":[{"href":"https:\/\/www.europesays.com\/it\/wp-json\/wp\/v2\/posts"}],"about":[{"href":"https:\/\/www.europesays.com\/it\/wp-json\/wp\/v2\/types\/post"}],"author":[{"embeddable":true,"href":"https:\/\/www.europesays.com\/it\/wp-json\/wp\/v2\/users\/3"}],"replies":[{"embeddable":true,"href":"https:\/\/www.europesays.com\/it\/wp-json\/wp\/v2\/comments?post=443330"}],"version-history":[{"count":0,"href":"https:\/\/www.europesays.com\/it\/wp-json\/wp\/v2\/posts\/443330\/revisions"}],"wp:featuredmedia":[{"embeddable":true,"href":"https:\/\/www.europesays.com\/it\/wp-json\/wp\/v2\/media\/443331"}],"wp:attachment":[{"href":"https:\/\/www.europesays.com\/it\/wp-json\/wp\/v2\/media?parent=443330"}],"wp:term":[{"taxonomy":"category","embeddable":true,"href":"https:\/\/www.europesays.com\/it\/wp-json\/wp\/v2\/categories?post=443330"},{"taxonomy":"post_tag","embeddable":true,"href":"https:\/\/www.europesays.com\/it\/wp-json\/wp\/v2\/tags?post=443330"}],"curies":[{"name":"wp","href":"https:\/\/api.w.org\/{rel}","templated":true}]}}