{"id":444934,"date":"2026-04-15T17:40:21","date_gmt":"2026-04-15T17:40:21","guid":{"rendered":"https:\/\/www.europesays.com\/it\/444934\/"},"modified":"2026-04-15T17:40:21","modified_gmt":"2026-04-15T17:40:21","slug":"open-day-nei-centri-della-asst-papa-giovanni","status":"publish","type":"post","link":"https:\/\/www.europesays.com\/it\/444934\/","title":{"rendered":"open day nei centri della Asst Papa Giovanni"},"content":{"rendered":"\n<p>In occasione della <strong class=\"nero\">Settimana mondiale delle vaccinazioni<\/strong>, promossa dall\u2019Organizzazione Mondiale della Sanit\u00e0 dal <strong class=\"nero\">24 al 30 aprile<\/strong>, la Asst Papa Giovanni XXIII mette in campo una serie di iniziative dedicate alla prevenzione, con l\u2019obiettivo di sensibilizzare i cittadini sull\u2019importanza delle vaccinazioni e facilitarne l\u2019accesso. Dal 27 al 30 aprile, infatti, i centri vaccinali del territorio apriranno le porte con open day ad accesso libero, offrendo la possibilit\u00e0 di <strong class=\"nero\">vaccinarsi gratuitamente e senza prenotazione contro Herpes Zoster, pneumococco e Papilloma Virus <\/strong>(HPV).<\/p>\n<p>  Le vaccinazioni <\/p>\n<p>L\u2019iniziativa \u00e8 rivolta in particolare alle persone con pi\u00f9 di 65 anni, che potranno sottoporsi alla vaccinazione contro l\u2019Herpes Zoster, noto anche come fuoco di Sant\u2019Antonio, e contro il pneumococco, infezione che pu\u00f2 causare gravi complicanze soprattutto nelle fasce pi\u00f9 fragili della popolazione. Parallelamente, l\u2019offerta vaccinale contro l\u2019HPV \u00e8 destinata a ragazze e ragazzi nell\u2019anno del dodicesimo compleanno e fino ai 26 anni. La possibilit\u00e0 di vaccinarsi contro il Papilloma Virus \u00e8 inoltre estesa, senza limiti di et\u00e0, anche alle categorie considerate a rischio.<\/p>\n<p>In alcune sedi sar\u00e0 inoltre possibile accedere alla vaccinazione anti-HPV anche per chi non rientra nelle categorie per cui \u00e8 prevista la gratuit\u00e0, attraverso una modalit\u00e0 di co-pagamento.<\/p>\n<p>  Le date <\/p>\n<p> <strong class=\"nero\">Gli open day si svolgeranno in pi\u00f9 sedi del territorio bergamasco<\/strong>. A Bergamo, il centro vaccinale di Borgo Palazzo, in via Borgo Palazzo 130 (Padiglione 6A), sar\u00e0 aperto luned\u00ec 27 e marted\u00ec 28 aprile dalle 8.30 alle 15.30. Sempre in citt\u00e0, il centro di via Garibaldi 13 (Matteo Rota) accoglier\u00e0 i cittadini mercoled\u00ec 29 aprile dalle 13.30 alle 16. Nella stessa giornata saranno attivi anche il centro vaccinale di Sant\u2019Omobono Terme, in via Vanoncini 20, dalle 13.30 alle 15.30. Gioved\u00ec 30 aprile sar\u00e0 invece la volta del centro di Villa d\u2019Alm\u00e8, in via Roma 16, aperto dalle 8.30 alle 15, e di quello di Zogno, in piazza Bortolo Belotti 3, dalle 13.30 alle 16.<\/p>\n","protected":false},"excerpt":{"rendered":"In occasione della Settimana mondiale delle vaccinazioni, promossa dall\u2019Organizzazione Mondiale della Sanit\u00e0 dal 24 al 30 aprile, la&hellip;\n","protected":false},"author":3,"featured_media":444935,"comment_status":"","ping_status":"","sticky":false,"template":"","format":"standard","meta":{"footnotes":"","_share_on_mastodon":"0"},"categories":[175],"tags":[54095,239,1537,90,89,5277,9222,42625,30129,2259,240,2258],"class_list":["post-444934","post","type-post","status-publish","format-standard","has-post-thumbnail","category-salute","tag-asst-papa-giovanni-xxiii","tag-health","tag-it","tag-italia","tag-italy","tag-medicina","tag-organizzazione-mondiale-della-sanita","tag-organizzazioni-sanitarie","tag-politica-salute","tag-questioni-sociali-generico","tag-salute","tag-sociale"],"share_on_mastodon":{"url":"https:\/\/pubeurope.com\/@it\/116409953802601964","error":""},"_links":{"self":[{"href":"https:\/\/www.europesays.com\/it\/wp-json\/wp\/v2\/posts\/444934","targetHints":{"allow":["GET"]}}],"collection":[{"href":"https:\/\/www.europesays.com\/it\/wp-json\/wp\/v2\/posts"}],"about":[{"href":"https:\/\/www.europesays.com\/it\/wp-json\/wp\/v2\/types\/post"}],"author":[{"embeddable":true,"href":"https:\/\/www.europesays.com\/it\/wp-json\/wp\/v2\/users\/3"}],"replies":[{"embeddable":true,"href":"https:\/\/www.europesays.com\/it\/wp-json\/wp\/v2\/comments?post=444934"}],"version-history":[{"count":0,"href":"https:\/\/www.europesays.com\/it\/wp-json\/wp\/v2\/posts\/444934\/revisions"}],"wp:featuredmedia":[{"embeddable":true,"href":"https:\/\/www.europesays.com\/it\/wp-json\/wp\/v2\/media\/444935"}],"wp:attachment":[{"href":"https:\/\/www.europesays.com\/it\/wp-json\/wp\/v2\/media?parent=444934"}],"wp:term":[{"taxonomy":"category","embeddable":true,"href":"https:\/\/www.europesays.com\/it\/wp-json\/wp\/v2\/categories?post=444934"},{"taxonomy":"post_tag","embeddable":true,"href":"https:\/\/www.europesays.com\/it\/wp-json\/wp\/v2\/tags?post=444934"}],"curies":[{"name":"wp","href":"https:\/\/api.w.org\/{rel}","templated":true}]}}