{"id":445017,"date":"2026-04-15T18:46:22","date_gmt":"2026-04-15T18:46:22","guid":{"rendered":"https:\/\/www.europesays.com\/it\/445017\/"},"modified":"2026-04-15T18:46:22","modified_gmt":"2026-04-15T18:46:22","slug":"milano-prova-a-riscrivere-la-serie-conegliano-vuole-lallungo-gara-2-gia-decisiva","status":"publish","type":"post","link":"https:\/\/www.europesays.com\/it\/445017\/","title":{"rendered":"Milano prova a riscrivere la serie, Conegliano vuole l\u2019allungo. Gara-2 gi\u00e0 decisiva"},"content":{"rendered":"<p data-start=\"101\" data-end=\"587\">Dopo una <strong data-start=\"110\" data-end=\"168\">gara-1 tesissima, spettacolare e piena di ribaltamenti<\/strong>, la finale scudetto di Serie A1 femminile si sposta all\u2019Allianz Cloud per una sfida che pu\u00f2 gi\u00e0 indirizzare la serie. Il 3-2 con cui <strong data-start=\"302\" data-end=\"316\">Conegliano<\/strong> ha difeso il PalaVerde, rimontando due volte e risalendo anche dal <strong data-start=\"384\" data-end=\"405\">5-8 nel tie-break<\/strong> prima di chiudere 15-13, ha confermato ci\u00f2 che si intuiva alla vigilia: Milano c\u2019\u00e8 davvero, ma per battere le campionesse d\u2019Italia serve continuit\u00e0 assoluta fino all\u2019ultimo pallone.<\/p>\n<p data-start=\"589\" data-end=\"1278\">La squadra di <strong data-start=\"603\" data-end=\"615\">Lavarini<\/strong> esce da gara-1 con la sensazione di aver avuto in mano una grande occasione. Non tanto perch\u00e9 abbia dominato il confronto, quanto perch\u00e9 \u00e8 riuscita a portarlo sul terreno che desiderava: partita lunga, tanti scambi, muro-difesa presente, attaccanti di palla alta coinvolte e una centrale, <strong data-start=\"905\" data-end=\"917\">Kurtagic<\/strong>, capace di incidere pesantemente con <strong data-start=\"955\" data-end=\"967\">16 punti<\/strong> e <strong data-start=\"970\" data-end=\"980\">4 muri<\/strong>. Milano ha chiuso con numeri di squadra persino leggermente migliori in ricezione, <strong data-start=\"1064\" data-end=\"1111\">64% di positiva contro il 58% di Conegliano<\/strong>, e ha murato di pi\u00f9, <strong data-start=\"1133\" data-end=\"1155\">14 punti contro 11<\/strong>. Segnali che raccontano una partita giocata ad armi pari e che spiegano perch\u00e9 gara-2 possa essere ancora pi\u00f9 equilibrata.<\/p>\n<p data-start=\"1280\" data-end=\"1988\">Dal punto di vista tecnico, la chiave per Milano sar\u00e0 soprattutto una: <strong data-start=\"1351\" data-end=\"1419\">trasformare in continuit\u00e0 quello che in gara-1 \u00e8 emerso a tratti<\/strong>. Nei set vinti, la Numia ha saputo sporcare il ritmo di Conegliano, togliere fluidit\u00e0 alla distribuzione di Wolosz e costruire vantaggi veri con il sistema muro-difesa. Quando invece la partita si \u00e8 giocata su transizioni pi\u00f9 pulite e su un attacco pi\u00f9 lineare, l\u2019Imoco ha ritrovato la sua superiorit\u00e0 nelle situazioni di palla alta e nei momenti decisivi.\u00a0Il nodo centrale di gara-2 sar\u00e0 allora la gestione delle stelle. <strong data-start=\"2055\" data-end=\"2063\">Haak<\/strong> ha chiuso gara-1 con <strong data-start=\"2085\" data-end=\"2097\">28 punti<\/strong>, <strong data-start=\"2099\" data-end=\"2107\">Gabi<\/strong> con <strong data-start=\"2112\" data-end=\"2118\">20<\/strong>, <strong data-start=\"2120\" data-end=\"2127\">Zhu<\/strong> con <strong data-start=\"2132\" data-end=\"2138\">18<\/strong>: tre terminali che, anche quando non sempre perfetti, riescono a garantire soluzioni differenti e a non dare riferimenti fissi al muro avversario. Milano ha risposto con <strong data-start=\"2309\" data-end=\"2329\">Egonu a 19 punti<\/strong>, <strong data-start=\"2331\" data-end=\"2346\">Lanier a 17<\/strong>, <strong data-start=\"2348\" data-end=\"2361\">Piva a 16<\/strong>, oltre alla gi\u00e0 citata spinta delle centrali. Il problema, per le lombarde, \u00e8 che nei momenti di massima pressione Conegliano ha trovato qualcosa in pi\u00f9 dalle sue bande, soprattutto in termini di equilibrio tra attacco, copertura e palloni sporchi. \u00c8 proprio l\u00ec che gara-2 rischia di girare: <strong data-start=\"2654\" data-end=\"2726\">Milano deve riuscire a portare Egonu dentro una partita pi\u00f9 continua<\/strong>, ma senza dipendere esclusivamente da lei.<\/p>\n<p data-start=\"2771\" data-end=\"3358\">Un altro aspetto da seguire con attenzione sar\u00e0 il servizio. I numeri dicono che la differenza \u00e8 stata minima, con <strong data-start=\"2886\" data-end=\"2905\">3 ace per parte<\/strong>, ma la sensazione \u00e8 che Milano, quando \u00e8 riuscita a staccare Conegliano da rete, abbia davvero messo in crisi il cambio palla veneto. Il punto \u00e8 farlo senza esporsi troppo all\u2019errore e, soprattutto, senza perdere aggressivit\u00e0 nelle fasi in cui l\u2019Imoco tende a risalire. In gara-1 Conegliano ha chiuso con <strong data-start=\"3211\" data-end=\"3239\">30 break point contro 29<\/strong>, praticamente in equilibrio perfetto: un dato che racconta una serie in cui ogni mini-parziale pu\u00f2 diventare decisivo.<\/p>\n<p data-start=\"3360\" data-end=\"3981\">Per Conegliano, invece, gara-2 \u00e8 la partita in cui far pesare l\u2019abitudine a questo tipo di scenari. La squadra di <strong data-start=\"3474\" data-end=\"3488\">Santarelli<\/strong> non ha bisogno di stravolgere molto: deve semmai alzare il rendimento nei tratti in cui Milano l\u2019ha portata fuori sistema, evitando i vuoti che avevano consegnato il secondo e il terzo set alle avversarie. In particolare, sar\u00e0 interessante capire se l\u2019Imoco prover\u00e0 a coinvolgere ancora di pi\u00f9 le centrali, che in gara-1 hanno dato un apporto importante con <strong data-start=\"3847\" data-end=\"3865\">Fahr a 9 punti<\/strong> e <strong data-start=\"3868\" data-end=\"3887\">Chirichella a 8<\/strong>, e se riuscir\u00e0 a rendere meno leggibile il lavoro del muro milanese sulle palle pi\u00f9 scontate.<\/p>\n<p data-start=\"3983\" data-end=\"4519\">L\u2019aspetto psicologico, naturalmente, conter\u00e0 molto. <strong data-start=\"4035\" data-end=\"4109\">Milano gioca in casa e sa di non poter permettersi di andare sotto 0-2<\/strong> nella serie, mentre Conegliano ha la possibilit\u00e0 di mettere le mani sul confronto e poi tornare al PalaVerde con il match point tricolore. Ma proprio gara-1 ha detto che il margine \u00e8 sottile: Milano ha dimostrato di avere struttura, coraggio e soluzioni per spaventare davvero le Pantere; Conegliano ha ribadito di avere ancora la qualit\u00e0 e la tenuta mentale per sopravvivere anche alle serate pi\u00f9 complicate.<\/p>\n","protected":false},"excerpt":{"rendered":"Dopo una gara-1 tesissima, spettacolare e piena di ribaltamenti, la finale scudetto di Serie A1 femminile si sposta&hellip;\n","protected":false},"author":3,"featured_media":445018,"comment_status":"","ping_status":"","sticky":false,"template":"","format":"standard","meta":{"footnotes":"","_share_on_mastodon":"0"},"categories":[1474],"tags":[99031,13300,105102,98873,13306,98875,98877,56195,1537,90,89,98882,105103,98845,98888,13311,98890,99157,8056,105104,13313,245,244,98898,1869],"class_list":["post-445017","post","type-post","status-publish","format-standard","has-post-thumbnail","category-volley","tag-a1-volley-femminile-2025-2026","tag-anna-danesi","tag-celeste-plak","tag-elena-pietrini","tag-eleonora-fersino","tag-gabriela-guimaraes","tag-hena-kurtagic","tag-isabelle-haak","tag-it","tag-italia","tag-italy","tag-joanna-wolosz","tag-kami-miner","tag-khalia-lanier","tag-marina-lubian","tag-monica-de-gennaro","tag-nika-daalderop","tag-numia-vero-volley-milano","tag-paola-egonu","tag-prosecco-doc-imoco-conegliano","tag-sarah-fahr","tag-sport","tag-sports","tag-ting-zhu","tag-volley"],"share_on_mastodon":{"url":"https:\/\/pubeurope.com\/@it\/116410213090509187","error":""},"_links":{"self":[{"href":"https:\/\/www.europesays.com\/it\/wp-json\/wp\/v2\/posts\/445017","targetHints":{"allow":["GET"]}}],"collection":[{"href":"https:\/\/www.europesays.com\/it\/wp-json\/wp\/v2\/posts"}],"about":[{"href":"https:\/\/www.europesays.com\/it\/wp-json\/wp\/v2\/types\/post"}],"author":[{"embeddable":true,"href":"https:\/\/www.europesays.com\/it\/wp-json\/wp\/v2\/users\/3"}],"replies":[{"embeddable":true,"href":"https:\/\/www.europesays.com\/it\/wp-json\/wp\/v2\/comments?post=445017"}],"version-history":[{"count":0,"href":"https:\/\/www.europesays.com\/it\/wp-json\/wp\/v2\/posts\/445017\/revisions"}],"wp:featuredmedia":[{"embeddable":true,"href":"https:\/\/www.europesays.com\/it\/wp-json\/wp\/v2\/media\/445018"}],"wp:attachment":[{"href":"https:\/\/www.europesays.com\/it\/wp-json\/wp\/v2\/media?parent=445017"}],"wp:term":[{"taxonomy":"category","embeddable":true,"href":"https:\/\/www.europesays.com\/it\/wp-json\/wp\/v2\/categories?post=445017"},{"taxonomy":"post_tag","embeddable":true,"href":"https:\/\/www.europesays.com\/it\/wp-json\/wp\/v2\/tags?post=445017"}],"curies":[{"name":"wp","href":"https:\/\/api.w.org\/{rel}","templated":true}]}}