{"id":445191,"date":"2026-04-15T21:14:16","date_gmt":"2026-04-15T21:14:16","guid":{"rendered":"https:\/\/www.europesays.com\/it\/445191\/"},"modified":"2026-04-15T21:14:16","modified_gmt":"2026-04-15T21:14:16","slug":"superman-james-gunn-pubblica-una-foto-inedita-di-david-corenswet","status":"publish","type":"post","link":"https:\/\/www.europesays.com\/it\/445191\/","title":{"rendered":"Superman, James Gunn pubblica una foto inedita di David Corenswet"},"content":{"rendered":"<p><strong>James<\/strong> <strong>Gunn<\/strong> ha condiviso una foto di <strong>David<\/strong> <strong>Corenswet<\/strong>\u00a0(<strong><a data-intcmp=\"skytg24_foglia articolo_interlink_text\" href=\"https:\/\/tg24.sky.it\/spettacolo\/cinema\/2025\/07\/08\/superman-cast-los-angeles\" rel=\"nofollow noopener\" target=\"_blank\">FOTO<\/a><\/strong>) nei panni di Superman. Lo scatto, pubblicato su Instagram, ha ottenuto pi\u00f9 di 200.000 like in meno di ventiquattro ore. Il regista ha scritto scherzosamente: \u201cSuperman a riposo\u201d.<\/p>\n<p>\t\t \tjames gunn, il post su instagram<\/p>\n<p>Nel 2025 David Corenswet ha interpretato il supereroe nel film Superman, nel cast anche <strong>Rachel<\/strong> <strong>Brosnahan<\/strong> e <strong>Nicholas<\/strong> <strong>Hoult<\/strong>. La pellicola, diretta da <a data-intcmp=\"skytg24_foglia articolo_interlink_text\" href=\"https:\/\/tg24.sky.it\/spettacolo\/cinema\/2025\/09\/03\/man-of-tomorrow-data-uscita\" rel=\"nofollow noopener\" target=\"_blank\">James Gunn<\/a>, si \u00e8 rivelata un successo al botteghino incassando pi\u00f9 di 600.000.000 di dollari a livello internazionale. Ora, il regista ha pubblicato una foto inedita del protagonosta nei panni di Superman scrivendo: \u201cSuperman a riposo\u201d.<\/p>\n<p>\u00a0<\/p>\n<p>Stando a quanto riportato da <a data-intcmp-qp=\"skytg24_foglia articolo_interlink_text\" href=\"https:\/\/variety.com\/2026\/film\/news\/adria-arjona-maxima-superman-sequel-man-of-tomorrow-1236721502\/\" rel=\"nofollow noopener\" target=\"_blank\">Variety<\/a>, James Gunn torner\u00e0 a dirigere David Corenswet nel film Superman: Man of Tomorrow. Nel cast Lars Eidinger, Rachel Brosnahan, Skyler Gisondo, Sara Sampaio, Isabela Merced, Nathan Fillion, Adria Arjona, Aaron Pierre ed Edi Gathegi. La pellicola far\u00e0 il suo debutto sul mercato statunitense il <strong>9 luglio 2027<\/strong>.<\/p>\n<p>\t\t\t<a class=\"c-inline-card j-inline-card c-inline-card--with-image\" href=\"https:\/\/tg24.sky.it\/spettacolo\/cinema\/video\/2026\/03\/31\/trailer-supergirl-2026-1086700\" rel=\"follow nofollow noopener\" data-intcmp=\"skytg24_articolo_approfondimenti_inline\" target=\"_blank\"><\/p>\n<p>\t\t\t         <img decoding=\"async\" crossorigin=\"anonymous\" alt=\"\" src=\"https:\/\/www.europesays.com\/it\/wp-content\/uploads\/2026\/04\/1776287655_925_supergirl-yt-dc-warner-bros.jpg\"  loading=\"lazy\"  bad-src=\"https:\/\/www.europesays.com\/it\/wp-content\/uploads\/2026\/04\/1776287655_925_supergirl-yt-dc-warner-bros.jpg\"\/><\/p>\n<p>\n\t\t\t         Approfondimento<br \/>\n\t\t\t         Supergirl, il teaser trailer del film con il cameo di David Corenswet\n\t\t\t      <\/p>\n<p>\t\t\t<\/a><\/p>\n<p>Nel corso degli anni vari attori hanno indossato i panni di Superman regalando interpretazioni iconiche. Come ripreso da <a data-intcmp-qp=\"skytg24_foglia articolo_interlink_text\" href=\"https:\/\/variety.com\/2025\/film\/news\/superman-david-corenswet-henry-cavill-advice-james-gunn-1236447794\/\" rel=\"nofollow noopener\" target=\"_blank\">Variety<\/a>, Heart ha intervistato <a data-intcmp=\"skytg24_foglia articolo_interlink_text\" href=\"https:\/\/tg24.sky.it\/spettacolo\/cinema\/2025\/07\/08\/superman-cast-los-angeles\" rel=\"nofollow noopener\" target=\"_blank\">David Corenswet<\/a> durante la premiere del film. L\u2019attore ha rivelato di non aver ricevuto consigli da parte di Henry Cavill e Tyler Hoechlin, precedenti interpreti del supereroe. David Corenswet ha dichiarato: \u201cEntrambi, cosa interessante, hanno detto con le loro parole: &#8216;Non cercher\u00f2 e non ti dar\u00f2 alcun consiglio&#8217;. E penso che sia una cosa proprio da Superman. Superman non \u00e8 il tipo da dare consigli o dire agli altri come dovrebbero comportarsi&#8221;.<\/p>\n<p>\u00a0<\/p>\n<p>L\u2019attore ha aggiunto: \u201cMi hanno davvero incoraggiato e mi hanno detto di \u2018divertirmi\u2019, che credo sia anche una cosa da Superman. Sono stati davvero incoraggianti e abbiamo avuto una bellissima esperienza. Non vedo l&#8217;ora di incontrarli un giorno. Sar\u00e0 fantastico quando potremo ritrovarci tutti insieme in una stanza\u201d.<\/p>\n<p>\t\t\t<a class=\"c-inline-card j-inline-card c-inline-card--with-image\" href=\"https:\/\/tg24.sky.it\/spettacolo\/cinema\/2025\/08\/25\/superman-david-corenswet-video\" rel=\"follow nofollow noopener\" data-intcmp=\"skytg24_articolo_approfondimenti_inline\" target=\"_blank\"><\/p>\n<p>\t\t\t         <img decoding=\"async\" crossorigin=\"anonymous\" alt=\"\" src=\"https:\/\/www.europesays.com\/it\/wp-content\/uploads\/2026\/04\/david-corenswet-getty.jpg\"  loading=\"lazy\"  bad-src=\"https:\/\/www.europesays.com\/it\/wp-content\/uploads\/2026\/04\/david-corenswet-getty.jpg\"\/><\/p>\n<p>\n\t\t\t         Approfondimento<br \/>\n\t\t\t         Superman, il provino di David Corenswet diventa virale. VIDEO\n\t\t\t      <\/p>\n<p>\t\t\t<\/a><\/p>\n","protected":false},"excerpt":{"rendered":"James Gunn ha condiviso una foto di David Corenswet\u00a0(FOTO) nei panni di Superman. Lo scatto, pubblicato su Instagram,&hellip;\n","protected":false},"author":3,"featured_media":445192,"comment_status":"","ping_status":"","sticky":false,"template":"","format":"standard","meta":{"footnotes":"","_share_on_mastodon":"0"},"categories":[1442],"tags":[640,203,454,204,1537,90,89,1521,4666],"class_list":["post-445191","post","type-post","status-publish","format-standard","has-post-thumbnail","category-film","tag-cinema","tag-entertainment","tag-film","tag-intrattenimento","tag-it","tag-italia","tag-italy","tag-movies","tag-superman"],"share_on_mastodon":{"url":"https:\/\/pubeurope.com\/@it\/116410795758634268","error":""},"_links":{"self":[{"href":"https:\/\/www.europesays.com\/it\/wp-json\/wp\/v2\/posts\/445191","targetHints":{"allow":["GET"]}}],"collection":[{"href":"https:\/\/www.europesays.com\/it\/wp-json\/wp\/v2\/posts"}],"about":[{"href":"https:\/\/www.europesays.com\/it\/wp-json\/wp\/v2\/types\/post"}],"author":[{"embeddable":true,"href":"https:\/\/www.europesays.com\/it\/wp-json\/wp\/v2\/users\/3"}],"replies":[{"embeddable":true,"href":"https:\/\/www.europesays.com\/it\/wp-json\/wp\/v2\/comments?post=445191"}],"version-history":[{"count":0,"href":"https:\/\/www.europesays.com\/it\/wp-json\/wp\/v2\/posts\/445191\/revisions"}],"wp:featuredmedia":[{"embeddable":true,"href":"https:\/\/www.europesays.com\/it\/wp-json\/wp\/v2\/media\/445192"}],"wp:attachment":[{"href":"https:\/\/www.europesays.com\/it\/wp-json\/wp\/v2\/media?parent=445191"}],"wp:term":[{"taxonomy":"category","embeddable":true,"href":"https:\/\/www.europesays.com\/it\/wp-json\/wp\/v2\/categories?post=445191"},{"taxonomy":"post_tag","embeddable":true,"href":"https:\/\/www.europesays.com\/it\/wp-json\/wp\/v2\/tags?post=445191"}],"curies":[{"name":"wp","href":"https:\/\/api.w.org\/{rel}","templated":true}]}}