{"id":445360,"date":"2026-04-15T23:37:20","date_gmt":"2026-04-15T23:37:20","guid":{"rendered":"https:\/\/www.europesays.com\/it\/445360\/"},"modified":"2026-04-15T23:37:20","modified_gmt":"2026-04-15T23:37:20","slug":"omicidio-bongiorni-come-si-difendono-i-due-giovani-non-hanno-iniziato-loro-la-rissa-lammissione-del-calcio-alla-testa","status":"publish","type":"post","link":"https:\/\/www.europesays.com\/it\/445360\/","title":{"rendered":"Omicidio Bongiorni, come si difendono i due giovani. \u201cNon hanno iniziato loro la rissa\u201d. L\u2019ammissione del calcio alla testa"},"content":{"rendered":"<p>Massa, 15 aprile 2026\u00a0\u2013\u00a0\u00abIl mio assistito contesta ogni addebito e ha detto di non aver sfiorato\u00bb Giacomo Bongiorni, \u00abovviamente \u00e8 dispiaciutissimo per quanto accaduto\u00bb, ma \u00abestraneo alla parte dei fatti che vedono l&#8217;esito finale\u00bb, la morte del padre 47enne. Lo ha detto uscendo dal carcere di Massa l&#8217;avvocato <strong>Giorgio Furlan<\/strong>, difensore di fiducia di <strong>Alexandru Miron<\/strong>, 23enne fermato con l&#8217;accusa di <strong>omicidio volontario <\/strong>per la morte di <strong>Giacomo Bongiorni<\/strong>, l&#8217;uomo ucciso davanti al figlio di 11 anni sabato scorso in una piazza di <strong>Massa<\/strong>.<\/p>\n<p> <img alt=\"Omicidio Bongiorni, come si difendono i due giovani. \u201cNon hanno iniziato loro la rissa\u201d. L\u2019ammissione del calcio alla testa\" loading=\"lazy\" width=\"762\" height=\"429\" decoding=\"async\" data-nimg=\"1\" style=\"color:transparent\"  src=\"https:\/\/www.europesays.com\/it\/wp-content\/uploads\/2026\/04\/xa5kpce.jpeg\"\/> <\/p>\n<p>Miron ha risposto alle domande del gip nell&#8217;interrogatorio di garanzia all&#8217;udienza di convalida del fermo. Alla domanda se Miron si sia scontrato con <strong>Gabriele Tognocchi <\/strong>&#8211; che ha riportato fratture, al setto nasale e di una gamba \u2013\u00a0l&#8217;avvocato Furlan ha brevemente commentato: \u00abCos\u00ec parrebbe\u00bb. \u00abPer ora\u00bb la vicenda \u00abl&#8217;hanno qualificata in rissa\u00bb, ha detto l&#8217;avvocato Furlan rifacendosi alla richiesta di convalida fatta dalla procura di Massa. Riguardo a cosa accadde la sera dell&#8217;11 aprile in piazza Palma il difensore di Miron riporta che \u00abla scena era di giovani davanti al kebab\u00bb e, riguardo al motivo dello scontro con Tognocchi e Bongiorni &#8211; fin dall&#8217;inizio riferito a un rimprovero che il primo avrebbe fatto ai giovani per un lancio di bottiglie contro una vetrina &#8211; l&#8217;avvocato Furlan ha detto che \u00abera caduta una bottiglia in terra, i ragazzi inizialmente avevano raccolto i vetri eccetera, eccetera, \u00e8 scattato il rimprovero e poi si sa\u00bb come \u00e8 andata \u00abma non voglio aggiungere altro\u00bb.<\/p>\n<p>Approfondisci:<\/p>\n<p><a href=\"https:\/\/www.lanazione.it\/sarzana\/cronaca\/omicidio-bongiorni-camminata-rvc1xa1b\" class=\"ArticleEmbed_article__embed__content__Jzqnz\" rel=\"nofollow noopener\" target=\"_blank\">Giacomo Bongiorni, i fermati davanti al gip. A Luni sfilano i compagni di scuola del figlio<img alt=\"Giacomo Bongiorni, i fermati davanti al gip. A Luni sfilano i compagni di scuola del figlio\" loading=\"lazy\" width=\"140\" height=\"78\" decoding=\"async\" data-nimg=\"1\" style=\"color:transparent\"  src=\"https:\/\/www.europesays.com\/it\/wp-content\/uploads\/2026\/04\/la-camminata-a-luni-foto-delia.webp.webp\"\/><\/a><br \/>\nIl racconto della rissa <\/p>\n<p>&#8220;Il mio assistito ha detto che la rissa \u00e8 nata da un comportamento delle controparti \u2013\u00a0dice invece l\u2019avvocato <strong>Frediani<\/strong>, legale del 19enne <strong>Eduard Alin Carutasu <\/strong>\u2013\u00a0e non dei giovani, per cui non \u00e8 vero come era stato detto in un primo tempo che questi giovani si stavano mal comportando e che avevano lanciato delle bottiglie contro le vetrate, la vetrata del kebab \u00e8 infranta da mesi\u201d.<\/p>\n<p>Approfondisci:<\/p>\n<p><a href=\"https:\/\/www.lanazione.it\/massa-carrara\/cronaca\/il-pianto-della-citta-qui-d5622b2e\" class=\"ArticleEmbed_article__embed__content__Jzqnz\" rel=\"nofollow noopener\" target=\"_blank\">Il pianto della citt\u00e0: &#8220;Qui Giacomo ha trovato la fine: da qui inizi qualcosa&#8221;<img alt=\"Il pianto della citt\u00e0: &quot;Qui Giacomo ha trovato la fine: da qui inizi qualcosa&quot;\" loading=\"lazy\" width=\"140\" height=\"78\" decoding=\"async\" data-nimg=\"1\" style=\"color:transparent\"  src=\"https:\/\/www.europesays.com\/it\/wp-content\/uploads\/2026\/04\/il-pianto-della-citta-qui-giacomo-ha-trovato-la-fine-da-qui-inizi-qualcosa.webp.webp\"\/><\/a> <\/p>\n<p>Il legale ha riportato dettagliatamente la ricostruzione della rissa per come l\u2019ha raccontata il suo assistito: \u201cPer una cosa fortuita \u2013\u00a0ha detto \u2013 mentre due di questi giovani scherzavano, \u00e8 caduta una bottiglia; gli \u00e8 stato detto di raccogliere i vetri,\u00a0lo hanno\u00a0fatto\u00a0e\u00a0la cosa sembrava finita l\u00ec, era finita l\u00ec. Tanto che sia il Bongiorni che il cognato erano tornati verso il luogo dove si trovavano prima. Invece poi Bongiorni si \u00e8 riportato nei pressi dei giovani con cui aveva avuto un piccolo alterco prima e gli ha assestato una testata, poi\u00a0il cognato si \u00e8 fatto sotto con una bottiglia, a quel punto il mio assistito, con un altro soggetto, \u00e8 andato incontro al cognato del Bongiorni, lo hanno bloccato e colpito, \u00e8 nato uno scambio di colpi\u201d.<\/p>\n<p> <img alt=\"Omicidio Bongiorni, come si difendono i due giovani. \u201cNon hanno iniziato loro la rissa\u201d. L\u2019ammissione del calcio alla testa\" loading=\"lazy\" width=\"762\" height=\"429\" decoding=\"async\" data-nimg=\"1\" style=\"color:transparent\"  src=\"https:\/\/www.europesays.com\/it\/wp-content\/uploads\/2026\/04\/xa5jevu.jpeg\"\/> <\/p>\n<p>&#8221; Nel frattempo \u2013\u00a0prosegue \u2013 andava avanti\u00a0l\u2019altro\u00a0scontro, perch\u00e9 il ragazzo che ha subito la testata aveva <strong>reagito<\/strong>. Il mio assistito ha partecipato alla fase che riguardava il cognato e solo alla fine ha visto che il minore che aveva preso la testata era in difficolt\u00e0: \u00e8 andato l\u00ec per aiutare l\u2019amico, ma in quel momento il minore \u00e8 riuscito a ribaltare l\u2019altro soggetto (Bongiorni, ndr) e a farlo finire a terra. A quel punto, quando era gi\u00e0 a terra, il mio assistito ha dato <strong>un calcio al capo<\/strong>. Una cosa bruttissima, ma secondo il mio medico legale si vede che \u00e8 un calcio che non ha una carica precedente, un calcio di piatto, pi\u00f9 per rabbia che un calcio che vuole fare male, per noi non \u00e8 stato un colpo mortale, non ha avuto una efficienza causale sulla morte\u201d.<\/p>\n<p> <img alt=\"A sinistra il cartello &quot;chiuso per lutto&quot; in piazza Palma a Massa; a destra Sara Tognocchi e Giacomo Bongiorni\" loading=\"lazy\" width=\"1920\" height=\"1080\" decoding=\"async\" data-nimg=\"1\" style=\"color:transparent;max-width:100%;height:auto\"   src=\"https:\/\/www.europesays.com\/it\/wp-content\/uploads\/2026\/04\/a-sinistra-il-cartello-chiuso-per-lutto-in-piazza-palma-a-massa-a-destra-sara-tognocchi-e-giacomo-bo.webp\"\/><\/p>\n<p>A sinistra il cartello &#8220;chiuso per lutto&#8221; in piazza Palma a Massa; a destra Sara Tognocchi e Giacomo Bongiorni<\/p>\n<p>Il cordoglio di Giani <\/p>\n<p>&#8220;Sono profondamente colpito da quanto accaduto a Massa. La morte di Giacomo Bongiorni, in circostanze cos\u00ec violente e davanti al figlio, \u00e8 una ferita per tutta la nostra comunit\u00e0. Di fronte a fatti come questo serve una risposta ferma, nel segno della legalit\u00e0, della sicurezza e del rispetto delle persone&#8221;. Lo ha scritto sul suo profilo Facebook il presidente della Regione Toscana, <strong>Eugenio Giani<\/strong>. &#8220;Alle forze dell&#8217;ordine e alla magistratura il compito di fare piena luce sull&#8217;accaduto. Alle istituzioni quello di continuare a lavorare, con determinazione, per garantire sicurezza e coesione sociale nei nostri territori. Alla famiglia va il cordoglio e la vicinanza della Regione Toscana&#8221; ha concluso Giani.<\/p>\n","protected":false},"excerpt":{"rendered":"Massa, 15 aprile 2026\u00a0\u2013\u00a0\u00abIl mio assistito contesta ogni addebito e ha detto di non aver sfiorato\u00bb Giacomo Bongiorni,&hellip;\n","protected":false},"author":3,"featured_media":445361,"comment_status":"","ping_status":"","sticky":false,"template":"","format":"standard","meta":{"footnotes":"","_share_on_mastodon":"0"},"categories":[6],"tags":[69432,248263,721,14,202968,1598,8,6990,1537,90,89,7,15,82,9,83,10,1728,9764,13,11,80,84,12,81,85],"class_list":["post-445360","post","type-post","status-publish","format-standard","has-post-thumbnail","category-ultime-notizie","tag-ammissione","tag-bongiorni","tag-calcio","tag-cronaca","tag-difendono","tag-giovani","tag-headlines","tag-iniziato","tag-it","tag-italia","tag-italy","tag-news","tag-notizie","tag-notizie-di-cronaca","tag-notizie-principali","tag-notiziedicronaca","tag-notizieprincipali","tag-omicidio","tag-rissa","tag-titoli","tag-ultime-notizie","tag-ultime-notizie-di-cronaca","tag-ultime-notizie-e-news-di-oggi","tag-ultimenotizie","tag-ultimenotiziedicronaca","tag-ultimenotizieenewsdioggi"],"share_on_mastodon":{"url":"https:\/\/pubeurope.com\/@it\/116411357403131365","error":""},"_links":{"self":[{"href":"https:\/\/www.europesays.com\/it\/wp-json\/wp\/v2\/posts\/445360","targetHints":{"allow":["GET"]}}],"collection":[{"href":"https:\/\/www.europesays.com\/it\/wp-json\/wp\/v2\/posts"}],"about":[{"href":"https:\/\/www.europesays.com\/it\/wp-json\/wp\/v2\/types\/post"}],"author":[{"embeddable":true,"href":"https:\/\/www.europesays.com\/it\/wp-json\/wp\/v2\/users\/3"}],"replies":[{"embeddable":true,"href":"https:\/\/www.europesays.com\/it\/wp-json\/wp\/v2\/comments?post=445360"}],"version-history":[{"count":0,"href":"https:\/\/www.europesays.com\/it\/wp-json\/wp\/v2\/posts\/445360\/revisions"}],"wp:featuredmedia":[{"embeddable":true,"href":"https:\/\/www.europesays.com\/it\/wp-json\/wp\/v2\/media\/445361"}],"wp:attachment":[{"href":"https:\/\/www.europesays.com\/it\/wp-json\/wp\/v2\/media?parent=445360"}],"wp:term":[{"taxonomy":"category","embeddable":true,"href":"https:\/\/www.europesays.com\/it\/wp-json\/wp\/v2\/categories?post=445360"},{"taxonomy":"post_tag","embeddable":true,"href":"https:\/\/www.europesays.com\/it\/wp-json\/wp\/v2\/tags?post=445360"}],"curies":[{"name":"wp","href":"https:\/\/api.w.org\/{rel}","templated":true}]}}