{"id":446177,"date":"2026-04-16T12:29:22","date_gmt":"2026-04-16T12:29:22","guid":{"rendered":"https:\/\/www.europesays.com\/it\/446177\/"},"modified":"2026-04-16T12:29:22","modified_gmt":"2026-04-16T12:29:22","slug":"un-fulmine-in-citta-storie-di-commercio-e-architettura","status":"publish","type":"post","link":"https:\/\/www.europesays.com\/it\/446177\/","title":{"rendered":"Un Fulmine in citt\u00e0: Storie di commercio e architettura"},"content":{"rendered":"<p>Nell&#8217;ambito degli incontri promossi da <strong>UNITRE, Universit\u00e0 della terza et\u00e0 Luigi Grande<\/strong>, <strong>gioved\u00ec 16 aprile alle ore 16,30<\/strong> <strong>Mariagrazia Teschi<\/strong> interverr\u00e0 su <strong>&#8216;Un Fulmine in citt\u00e0: Storie di commercio e architettura&#8217;.<\/strong><\/p>\n<p>Appuntamento presso il salone della Societ\u00e0 Filodrammatica (piazza Filodrammatici, 2, Cremona).\u00a0<\/p>\n<p>Nel settembre del 1992 il <strong>Fulmine<\/strong> di corso Mazzini chiudeva definitivamente i battenti dopo quasi trent\u2019anni di successi commerciali. Era stato inaugurato nel 1961 su progetto dell&#8217;architetto <strong>Libero Guarneri<\/strong>, un palazzo di vetro e acciaio con sei piani fuori terra e due interrati e la scala mobile. Di propriet\u00e0 della <strong>famiglia Lanzoni<\/strong> proprietaria di altri due punti vendita, in via Giuseppina e in via Giordano, era per antonomasia<strong> il magazzino della famiglia cremonese.<\/strong> Si trovava di tutto: stoffe, biancheria per la casa, camicie, abiti da cerimonia, confezioni uomo e donna, biancheria intima, calze e pigiami. Il Fulmine segn\u00f2 l\u2019avvento in centro citt\u00e0 delle attivit\u00e0 commerciali di grande estensione: fino ad allora i tessuti si comperavano nelle botteghe specializzate e sui banchi del mercato.<\/p>\n<p>Nello stesso periodo sorse in piazza Cavour la <strong>Casa di Bianco<\/strong>, e poco distante l\u2019<strong>Upim<\/strong>: la grande distribuzione iniziava a segmentare il mercato per capacit\u00e0 economica.<\/p>\n<p>All&#8217;attico di quel grattacielo di vetro e acciaio su corso Mazzini da cui si poteva vedere il Torrazzo and\u00f2 ad abitare <strong>Mina<\/strong>, gi\u00e0 baciata dal successo. Famosissima la foto scattata da <strong>Sandro Rizzi<\/strong> che mostra la cantante affacciata ad una finestra con in mano il pupazzo di Paperino.<\/p>\n<p>Ingresso libero.<\/p>\n","protected":false},"excerpt":{"rendered":"Nell&#8217;ambito degli incontri promossi da UNITRE, Universit\u00e0 della terza et\u00e0 Luigi Grande, gioved\u00ec 16 aprile alle ore 16,30&hellip;\n","protected":false},"author":3,"featured_media":446178,"comment_status":"","ping_status":"","sticky":false,"template":"","format":"standard","meta":{"footnotes":"","_share_on_mastodon":"0"},"categories":[1446],"tags":[1615,1613,1614,1611,1610,5665,1612,203,250985,204,1537,90,89,250984,250981,16229,250983,250986,85940,250982],"class_list":["post-446177","post","type-post","status-publish","format-standard","has-post-thumbnail","category-arte-e-design","tag-arte","tag-arte-e-design","tag-arteedesign","tag-arts","tag-arts-and-design","tag-cremona","tag-design","tag-entertainment","tag-il-fulmine","tag-intrattenimento","tag-it","tag-italia","tag-italy","tag-libero-guarneri","tag-mariagrazia-teschi","tag-mina","tag-sandro-rizzi","tag-storia-di-cremona","tag-unitre","tag-upim"],"share_on_mastodon":{"url":"https:\/\/pubeurope.com\/@it\/116414392844755744","error":""},"_links":{"self":[{"href":"https:\/\/www.europesays.com\/it\/wp-json\/wp\/v2\/posts\/446177","targetHints":{"allow":["GET"]}}],"collection":[{"href":"https:\/\/www.europesays.com\/it\/wp-json\/wp\/v2\/posts"}],"about":[{"href":"https:\/\/www.europesays.com\/it\/wp-json\/wp\/v2\/types\/post"}],"author":[{"embeddable":true,"href":"https:\/\/www.europesays.com\/it\/wp-json\/wp\/v2\/users\/3"}],"replies":[{"embeddable":true,"href":"https:\/\/www.europesays.com\/it\/wp-json\/wp\/v2\/comments?post=446177"}],"version-history":[{"count":0,"href":"https:\/\/www.europesays.com\/it\/wp-json\/wp\/v2\/posts\/446177\/revisions"}],"wp:featuredmedia":[{"embeddable":true,"href":"https:\/\/www.europesays.com\/it\/wp-json\/wp\/v2\/media\/446178"}],"wp:attachment":[{"href":"https:\/\/www.europesays.com\/it\/wp-json\/wp\/v2\/media?parent=446177"}],"wp:term":[{"taxonomy":"category","embeddable":true,"href":"https:\/\/www.europesays.com\/it\/wp-json\/wp\/v2\/categories?post=446177"},{"taxonomy":"post_tag","embeddable":true,"href":"https:\/\/www.europesays.com\/it\/wp-json\/wp\/v2\/tags?post=446177"}],"curies":[{"name":"wp","href":"https:\/\/api.w.org\/{rel}","templated":true}]}}