{"id":446185,"date":"2026-04-16T12:34:15","date_gmt":"2026-04-16T12:34:15","guid":{"rendered":"https:\/\/www.europesays.com\/it\/446185\/"},"modified":"2026-04-16T12:34:15","modified_gmt":"2026-04-16T12:34:15","slug":"incredibile-il-bop-non-verra-piu-pubblicato-ci-proteggiamo-da-speculazioni","status":"publish","type":"post","link":"https:\/\/www.europesays.com\/it\/446185\/","title":{"rendered":"Incredibile: il BoP non verr\u00e0 pi\u00f9 pubblicato. &#8220;Ci proteggiamo da speculazioni&#8221;"},"content":{"rendered":"<p>Il\u00a0Balance of Performance del FIA World Endurance Championship non verr\u00e0 pi\u00f9 pubblicato per evitare speculazioni, come hanno spiegato i vertici di Automobile Club de l&#8217;Ouest e Federazione nel gioved\u00ec mattina di Imola.<\/p>\n<p>Mentre le squadre stavano ancora arrivando in circuito, presso l&#8217;hospitality WEC un gruppetto di giornalisti &#8211; fra cui Motorsport.com &#8211; ha potuto ascoltare le parole di Bruno Famin e Marek Nawarecki riguardo questa incredibile decisione presa subito prima del via della stagione 2026.<\/p>\n<p>L&#8217;incontro \u00e8 cominciato con una panoramica riguardo il perch\u00e9 \u00e8 stato scelto il BoP per il campionato, cercando di preservarlo da aumenti di costi esorbitanti con sviluppi continui e consentire a vetture di differenti specifiche di poter partecipare, con la garanzia che ci sia un livellamento delle prestazioni che dia a tutti la possibilit\u00e0 di giocarsela ad armi pari.<\/p>\n<p>Di conseguenza, ecco che i parametri di ogni auto vengono raccolti prima in fase di omologazione (basandosi su aerodinamica, peso e baricentro, consumo specifico del carburante e tipologia di motore e trazione), poi in pista analizzando sul campo come si comporta ogni mezzo.<\/p>\n<p>Gi\u00e0 nel corso della giornata del Prologo, per\u00f2, erano cominciate a circolare nel paddock voci sul fatto che quest&#8217;anno le tabelle con tutti i parametri del BoP da rispettare ad ogni gara non sarebbero state pubblicate, il che ha subito fatto storcere il naso in vista della 6h di Imola che scatter\u00e0 domani con le prime Libere.<\/p>\n<p>Nei test le vetture hanno girato con il BoP applicato, ma nessuno in questo momento &#8211; squadre a parte, chiaramente &#8211; sa in dettaglio pesi, potenze e quantit\u00e0 di energia che ogni marchio ha a disposizione.<\/p>\n<p>&#8220;Vogliamo evitare ogni incomprensione, anche perch\u00e9 \u00e8 difficile spiegare alla gente i dettagli e le differenze che vengono adottati per ogni vettura e le rispettive caratteristiche&#8221;, ha spiegato Famin, appena entrato in ACO.<\/p>\n<p>&#8220;Il primo bilanciamento viene fatto in fase di omologazione, dopo di che si va in pista e l\u00ec vediamo esattamente quali sono i reali valori della vettura, il consumo di carburante e gomme, la qualit\u00e0 dei piloti e cos\u00ec via. Ma i piloti sono anche bravi a gestire le situazioni, quindi le variabili si moltiplicano&#8221;.<\/p>\n<p>&#8220;Il BoP \u00e8 solamente una piccolissima parte del risultato finale che ottiene una vettura, dobbiamo prendere in considerazione anche assetti, strategie e momenti particolari in gara che si possono verificare&#8221;.<\/p>\n<p>&#8220;Sulle prestazioni finali ci sono tante cose che possono fare la differenza e non \u00e8 detto che possiamo farci qualcosa. Il risultato \u00e8 figlio anche di bravura dei singoli, meritocrazia e ottimo lavoro del team. Quello che possiamo fare noi, applicando i regolamenti, \u00e8 garantire ci\u00f2 nella stessa maniera per tutti, evitando che vengano spesi milioni come visto in passato con le LMP1&#8221;.<\/p>\n<p>Nawarecki, Direttore FIA degli sport in circuito, aggiunge: &#8220;Dobbiamo &#8216;sanificare&#8217; i dati per analizzarli correttamente, secondi i parametri citati da Bruno. Ogni pista \u00e8 diversa, ogni pilota affronti ciascun settore a suo modo, tagliando pi\u00f9 o meno le curve sui cordoli in base alla gestione del consumo gomme, la scia sui rettilinei e via dicendo&#8221;.<\/p>\n<p>&#8220;Alla fine il problema non \u00e8 parlare dei tempi sul giro, ma di come viene ottenuto. E se diciamo al pubblico che uno ha 20kg in pi\u00f9 o in meno in macchina, questo pu\u00f2 portare ad interpretazioni sbagliate. Anche perch\u00e9 il pubblico non conosce i parametri di omologazione e i dati che raccogliamo, quindi non pu\u00f2 capire e decisioni assunte&#8221;.<\/p>\n<p>&#8220;Quest&#8217;anno le vetture sono tornate in galleria del vento per la nuova omologazione, ma questo non influir\u00e0 pi\u00f9 di tanto sull&#8217;applicazione. Conosciamo le variazioni di omologazione che ci sono state dallo scorso anno a questo, ma non sono cos\u00ec diverse. Abbiamo comunque preso in considerazione che ci sono nuove gomme&#8221;.<\/p>\n<p>Altro argomento di discussione \u00e8 stata la possibilit\u00e0 di introdurre un Success Handicap anche per la Classe HYPERCAR, in un primo momento annunciato nella bozza dei regolamenti 2026 e poi abbandonato.<\/p>\n<p>&#8220;Abbiamo gi\u00e0 parecchie variabili con il BoP abbiamo scelto di non introdurne di ulteriori. Con sole 8 gare, si rischia che la gente cominci a nascondersi e vogliamo che tutti spingano al limite sempre&#8221;, sottolinea Nawarecki.<\/p>\n<p>&#8220;Esisteva nel WTCC, ma erano 16 gare e quindi poteva far parte del gioco gestire i risultati in un certo modo, qui non ha senso&#8221;.<\/p>\n<p>Anche riguardo i cambiamenti di BoP nell&#8217;arco della stagione, il fatto di avere solo 8 gare ha avuto il suo peso.<\/p>\n<p>&#8220;Abbiamo solo 8 eventi in calendario, fossero 20 avremmo un BoP stagionale, probabilmente. Ma nel nostro caso \u00e8 pi\u00f9 difficile fare una cosa del genere e credo che sia anche logico, vista la natura diversa di ogni pista. Per questo abbiamo scelto di adattare il BoP ad ogni circuito&#8221;, ha detto Famin.<\/p>\n<p>&#8220;Non ci saranno cambiamenti nel corso di un fine settimana di gara, al massimo subito prima se ci sono dei test dedicati, vedi Le Mans. Ma per la 24h al momento non vogliamo esporci, \u00e8 presto per poter dire qualcosa, aspettiamo di vedere come andranno queste due gare, la cosa importante \u00e8 che i Costruttori sanno come funziona il processo&#8221;.<\/p>\n<p>&#8220;Anche qui, non vogliamo speculazioni e correre il rischio che qualcuno si nasconda a Imola e Spa, o che pensi che anche noi possiamo nascondere qualcosa per Le Mans. Per questo, al momento, non vogliamo parlarne, vedremo in futuro come evolveranno le cose&#8221;.<\/p>\n<p>\u00a0<\/p>\n<p>\u00a0<\/p>\n<p>            Vogliamo la vostra opinione!<\/p>\n<p class=\"mt-auto\">Cosa vorresti vedere su Motorsport.com?<\/p>\n<p>            <a href=\"#\" class=\"ms-link text-link font-bold\">Partecipate al nostro sondaggio di 5 minuti.<\/a><\/p>\n<p class=\"mt-1 text-body\">&#8211; Il team di Motorsport.com<\/p>\n","protected":false},"excerpt":{"rendered":"Il\u00a0Balance of Performance del FIA World Endurance Championship non verr\u00e0 pi\u00f9 pubblicato per evitare speculazioni, come hanno spiegato&hellip;\n","protected":false},"author":3,"featured_media":446186,"comment_status":"","ping_status":"","sticky":false,"template":"","format":"standard","meta":{"footnotes":"","_share_on_mastodon":"0"},"categories":[176],"tags":[14750,1537,90,89,31043,245,244,31045,250987],"class_list":["post-446185","post","type-post","status-publish","format-standard","has-post-thumbnail","category-sport","tag-imola","tag-it","tag-italia","tag-italy","tag-le-mans","tag-sport","tag-sports","tag-wec","tag-wec-incredibile-il-bop-non-verru00e0-piu00f9-pubblicato-ci-proteggiamo-da-speculazioni"],"share_on_mastodon":{"url":"","error":""},"_links":{"self":[{"href":"https:\/\/www.europesays.com\/it\/wp-json\/wp\/v2\/posts\/446185","targetHints":{"allow":["GET"]}}],"collection":[{"href":"https:\/\/www.europesays.com\/it\/wp-json\/wp\/v2\/posts"}],"about":[{"href":"https:\/\/www.europesays.com\/it\/wp-json\/wp\/v2\/types\/post"}],"author":[{"embeddable":true,"href":"https:\/\/www.europesays.com\/it\/wp-json\/wp\/v2\/users\/3"}],"replies":[{"embeddable":true,"href":"https:\/\/www.europesays.com\/it\/wp-json\/wp\/v2\/comments?post=446185"}],"version-history":[{"count":0,"href":"https:\/\/www.europesays.com\/it\/wp-json\/wp\/v2\/posts\/446185\/revisions"}],"wp:featuredmedia":[{"embeddable":true,"href":"https:\/\/www.europesays.com\/it\/wp-json\/wp\/v2\/media\/446186"}],"wp:attachment":[{"href":"https:\/\/www.europesays.com\/it\/wp-json\/wp\/v2\/media?parent=446185"}],"wp:term":[{"taxonomy":"category","embeddable":true,"href":"https:\/\/www.europesays.com\/it\/wp-json\/wp\/v2\/categories?post=446185"},{"taxonomy":"post_tag","embeddable":true,"href":"https:\/\/www.europesays.com\/it\/wp-json\/wp\/v2\/tags?post=446185"}],"curies":[{"name":"wp","href":"https:\/\/api.w.org\/{rel}","templated":true}]}}