{"id":446538,"date":"2026-04-16T17:45:24","date_gmt":"2026-04-16T17:45:24","guid":{"rendered":"https:\/\/www.europesays.com\/it\/446538\/"},"modified":"2026-04-16T17:45:24","modified_gmt":"2026-04-16T17:45:24","slug":"cascate-dacqua-lungo-le-scale-mobili-e-pioggia-dal-soffitto","status":"publish","type":"post","link":"https:\/\/www.europesays.com\/it\/446538\/","title":{"rendered":"cascate d&#8217;acqua lungo le scale mobili e pioggia dal soffitto"},"content":{"rendered":"<p>La fermata della metro A Termini, la pi\u00f9 importante e <a href=\"https:\/\/www.romatoday.it\/attualita\/classifica-stazioni-metro-roma.html\" rel=\"nofollow noopener\" target=\"_blank\">trafficata della citt\u00e0<\/a>, \u00e8 stata chiusa in seguito a un allagamento. \u00c8 quanto accaduto oggi, gioved\u00ec 16 aprile, intorno alle 15:30 quando, per un guasto a una conduttura, tonnellate d\u2019acqua si sono riversate all\u2019interno dello scalo, lungo le scale mobili e fino alle banchine.<\/p>\n<p>Stazione Termini chiusa per allagamento<\/p>\n<p>Una scena probabilmente che nessuno ha mai visto all\u2019interno dello scalo dove si sono formate delle vere e proprie cascate, anche dai soffitti. Nel panico i viaggiatori che, all\u2019improvviso, si sono trovati con l\u2019acqua fino alle caviglie, costretti a \u201cfuggire\u201d lungo le scale mobili, sotto un vero e proprio diluvio.<\/p>\n<p>Gli altoparlanti Atac della metro spiegavano che la fermata Termini \u00e8 stata chiusa \u201ca causa di un guasto Acea\u201d che, a quanto pare, si sarebbe verificato su piazza dei Cinquecento. Inizialmente l\u2019azienda aveva interdetto semplicemente il passaggio per scambiare dalla metro A alla metro B. Poi, vista la gravit\u00e0 della situazione, la fermata della prima linea metropolitana \u00e8 stata chiusa direttamente.<\/p>\n<p>Tecnici sul posto<\/p>\n<p>Non appena saputo del guasto, tecnici Acea si sono recati sul posto. Per prima cosa, \u00e8 stato necessario bloccare il flusso d\u2019acqua per poi procedere all\u2019individuazione del problema. Una cosa \u00e8 certa, la fermata non riaprir\u00e0 a breve visto che servir\u00e0, per forza di cose, anche asciugare tutti gli ambienti allagati.<\/p>\n<p>Acqua a fiumi<\/p>\n<p>Difficile dire quanta acqua sia andata sprecata dal momento del guasto alla \u201cchiusura dei rubinetti\u201d. Decine, invece, erano i turisti che, sbigottiti, si sono fermati a scattare delle foto attraverso le grate che bloccavano l\u2019accesso nelle aree allagate dalle banchine della metro B, mentre gli addetti Atac cercavano di spiegare agli utenti quello che stava accadendo e come raggiungere l\u2019uscita.<\/p>\n","protected":false},"excerpt":{"rendered":"La fermata della metro A Termini, la pi\u00f9 importante e trafficata della citt\u00e0, \u00e8 stata chiusa in seguito&hellip;\n","protected":false},"author":3,"featured_media":446539,"comment_status":"","ping_status":"","sticky":false,"template":"","format":"standard","meta":{"footnotes":"","_share_on_mastodon":"0"},"categories":[79],"tags":[14,93,94,10310,1537,90,89,69479,7,15,11,84,91,12,85,92],"class_list":["post-446538","post","type-post","status-publish","format-standard","has-post-thumbnail","category-italia","tag-cronaca","tag-cronaca-italiana","tag-cronacaitaliana","tag-guasti","tag-it","tag-italia","tag-italy","tag-metro-a","tag-news","tag-notizie","tag-ultime-notizie","tag-ultime-notizie-e-news-di-oggi","tag-ultime-notizie-italia","tag-ultimenotizie","tag-ultimenotizieenewsdioggi","tag-ultimenotizieitalia"],"share_on_mastodon":{"url":"https:\/\/pubeurope.com\/@it\/116415636029540438","error":""},"_links":{"self":[{"href":"https:\/\/www.europesays.com\/it\/wp-json\/wp\/v2\/posts\/446538","targetHints":{"allow":["GET"]}}],"collection":[{"href":"https:\/\/www.europesays.com\/it\/wp-json\/wp\/v2\/posts"}],"about":[{"href":"https:\/\/www.europesays.com\/it\/wp-json\/wp\/v2\/types\/post"}],"author":[{"embeddable":true,"href":"https:\/\/www.europesays.com\/it\/wp-json\/wp\/v2\/users\/3"}],"replies":[{"embeddable":true,"href":"https:\/\/www.europesays.com\/it\/wp-json\/wp\/v2\/comments?post=446538"}],"version-history":[{"count":0,"href":"https:\/\/www.europesays.com\/it\/wp-json\/wp\/v2\/posts\/446538\/revisions"}],"wp:featuredmedia":[{"embeddable":true,"href":"https:\/\/www.europesays.com\/it\/wp-json\/wp\/v2\/media\/446539"}],"wp:attachment":[{"href":"https:\/\/www.europesays.com\/it\/wp-json\/wp\/v2\/media?parent=446538"}],"wp:term":[{"taxonomy":"category","embeddable":true,"href":"https:\/\/www.europesays.com\/it\/wp-json\/wp\/v2\/categories?post=446538"},{"taxonomy":"post_tag","embeddable":true,"href":"https:\/\/www.europesays.com\/it\/wp-json\/wp\/v2\/tags?post=446538"}],"curies":[{"name":"wp","href":"https:\/\/api.w.org\/{rel}","templated":true}]}}