{"id":446930,"date":"2026-04-16T23:42:14","date_gmt":"2026-04-16T23:42:14","guid":{"rendered":"https:\/\/www.europesays.com\/it\/446930\/"},"modified":"2026-04-16T23:42:14","modified_gmt":"2026-04-16T23:42:14","slug":"oneplus-si-ritira-dalleuropa-licenziamenti-e-futuro-incerto","status":"publish","type":"post","link":"https:\/\/www.europesays.com\/it\/446930\/","title":{"rendered":"OnePlus si ritira dall&#8217;Europa: licenziamenti e futuro incerto"},"content":{"rendered":"<p>La situazione di <strong>OnePlus in Europa<\/strong> sta precipitando pi\u00f9 velocemente di quanto ci aspettassimo. Dopo le voci di un possibile ritiro dai mercati globali, ora arrivano conferme concrete: il team europeo del brand sta subendo <strong>tagli al personale<\/strong>, con diversi dipendenti gi\u00e0 alla ricerca di un nuovo lavoro.<\/p>\n<p>La notizia emerge da un <strong>post LinkedIn<\/strong> (poi rimosso) di un ex dipendente OnePlus, <a href=\"https:\/\/old.reddit.com\/r\/oneplus\/comments\/1smzbbi\/so_its_official_now_i_guess\/\" target=\"_blank\" rel=\"noopener nofollow\">ripreso su Reddit<\/a>: l&#8217;azienda starebbe conducendo una &#8220;valutazione complessiva del mercato europeo&#8221; e rivedendo la propria strategia di prodotto per la regione. Il risultato pratico \u00e8 che <strong>buona parte del team europeo<\/strong> \u00e8 gi\u00e0 fuori o in uscita.<\/p>\n<p>Non si tratta di un segnale isolato. <strong>OnePlus India<\/strong> ha gi\u00e0 smesso di vendere nei negozi fisici, preferendo il solo canale online: una mossa significativa per quello che \u00e8 storicamente uno dei mercati pi\u00f9 importanti del brand fuori dalla Cina. E nel frattempo, <strong>OnePlus ha perso il suo CEO in India<\/strong> nel mezzo di una pi\u00f9 ampia ristrutturazione globale.<\/p>\n<p>Il quadro che emerge \u00e8 quello di un&#8217;azienda che si sta <strong>ritirando progressivamente verso il mercato cinese<\/strong>, abbandonando le ambizioni internazionali che l&#8217;avevano resa famosa.\u00a0<\/p>\n<p>Quello che colpisce di pi\u00f9 \u00e8 il <strong>silenzio ufficiale<\/strong>: OnePlus non ha ancora rilasciato alcuna comunicazione pubblica su questi sviluppi, lasciando nel limbo sia i <strong>dipendenti<\/strong> che gli <strong>utenti<\/strong> che hanno acquistato i suoi dispositivi e si chiedono cosa succeder\u00e0 al <strong>supporto software<\/strong> nei prossimi mesi. Come avevamo gi\u00e0 raccontato nell&#8217;articolo su <a href=\"https:\/\/www.smartworld.it\/news\/oneplus-abbandono-europa-rumor.html\" rel=\"nofollow noopener\" target=\"_blank\">OnePlus e i rumor sull&#8217;abbandono dell&#8217;Europa<\/a>, la situazione era gi\u00e0 poco rassicurante: ora lo \u00e8 ancora meno.<\/p>\n","protected":false},"excerpt":{"rendered":"La situazione di OnePlus in Europa sta precipitando pi\u00f9 velocemente di quanto ci aspettassimo. Dopo le voci di&hellip;\n","protected":false},"author":3,"featured_media":446931,"comment_status":"","ping_status":"","sticky":false,"template":"","format":"standard","meta":{"footnotes":"","_share_on_mastodon":"0"},"categories":[173],"tags":[1537,90,89,15918,195,198,199,197,200,201,194,196],"class_list":["post-446930","post","type-post","status-publish","format-standard","has-post-thumbnail","category-scienza-e-tecnologia","tag-it","tag-italia","tag-italy","tag-oneplus","tag-science","tag-science-and-technology","tag-scienceandtechnology","tag-scienza","tag-scienza-e-tecnologia","tag-scienzaetecnologia","tag-technology","tag-tecnologia"],"share_on_mastodon":{"url":"https:\/\/pubeurope.com\/@it\/116417039295226793","error":""},"_links":{"self":[{"href":"https:\/\/www.europesays.com\/it\/wp-json\/wp\/v2\/posts\/446930","targetHints":{"allow":["GET"]}}],"collection":[{"href":"https:\/\/www.europesays.com\/it\/wp-json\/wp\/v2\/posts"}],"about":[{"href":"https:\/\/www.europesays.com\/it\/wp-json\/wp\/v2\/types\/post"}],"author":[{"embeddable":true,"href":"https:\/\/www.europesays.com\/it\/wp-json\/wp\/v2\/users\/3"}],"replies":[{"embeddable":true,"href":"https:\/\/www.europesays.com\/it\/wp-json\/wp\/v2\/comments?post=446930"}],"version-history":[{"count":0,"href":"https:\/\/www.europesays.com\/it\/wp-json\/wp\/v2\/posts\/446930\/revisions"}],"wp:featuredmedia":[{"embeddable":true,"href":"https:\/\/www.europesays.com\/it\/wp-json\/wp\/v2\/media\/446931"}],"wp:attachment":[{"href":"https:\/\/www.europesays.com\/it\/wp-json\/wp\/v2\/media?parent=446930"}],"wp:term":[{"taxonomy":"category","embeddable":true,"href":"https:\/\/www.europesays.com\/it\/wp-json\/wp\/v2\/categories?post=446930"},{"taxonomy":"post_tag","embeddable":true,"href":"https:\/\/www.europesays.com\/it\/wp-json\/wp\/v2\/tags?post=446930"}],"curies":[{"name":"wp","href":"https:\/\/api.w.org\/{rel}","templated":true}]}}