{"id":446979,"date":"2026-04-17T00:31:38","date_gmt":"2026-04-17T00:31:38","guid":{"rendered":"https:\/\/www.europesays.com\/it\/446979\/"},"modified":"2026-04-17T00:31:38","modified_gmt":"2026-04-17T00:31:38","slug":"a-x-factor-dopo-lauro-sarebbe-bellissimo-non-sono-delusa-da-sanremo-lo-rifarei","status":"publish","type":"post","link":"https:\/\/www.europesays.com\/it\/446979\/","title":{"rendered":"\u00abA X Factor dopo Lauro? Sarebbe bellissimo. Non sono delusa da Sanremo, lo rifarei\u00bb"},"content":{"rendered":"<p>\u00abSono anni che io non mi diverto pi\u00f9\u00bb: comincia cos\u00ec, con questo verso, il nuovo album di <a href=\"https:\/\/www.ilmessaggero.it\/t\/serena-brancale\" rel=\"nofollow noopener\" target=\"_blank\">Serena Brancale<\/a>, Sacro. La frase \u00e8 quella che apre la prima canzone del disco, Maria, che suona per\u00f2 inattuale. Gi\u00e0, perch\u00e9 oggi Serena Brancale si diverte eccome. Da Baccal\u00e0, il tormentone in dialetto barese che nel <strong>2024 ha spopolato su TikTok<\/strong> e l&#8217;ha resa un <strong>autentico fenomeno<\/strong>, la 36enne cantautrice pugliese ha <strong>totalizzato oltre 90 milioni di ascolti su <a href=\"https:\/\/www.ilmessaggero.it\/t\/spotify\" rel=\"nofollow noopener\" target=\"_blank\">Spotify<\/a><\/strong>, <strong>due Dischi di platino<\/strong>, <strong>due partecipazioni al <a href=\"https:\/\/www.ilmessaggero.it\/t\/festival-di-sanremo\" rel=\"nofollow noopener\" target=\"_blank\">Festival di Sanremo<\/a><\/strong> (quella dell&#8217;anno scorso con Anema e core e quella di quest&#8217;anno con Qui con me), <strong>oltre 40 date in tutta Italia<\/strong>. Dopo <strong>due anni passati col piede sull&#8217;acceleratore<\/strong> non ha nessuna intenzione di fermarsi, lei che un momento del genere lo aspettava da chiss\u00e0 quanto.Tutt&#8217;altro: \u00abMi piacerebbe mettermi a disposizione di <strong>giovani talenti<\/strong>\u00bb.<\/p>\n<p><strong>Si \u00e8 liberata una poltrona nella giuria di &#8220;<a href=\"https:\/\/www.ilmessaggero.it\/t\/x-factor\" rel=\"nofollow noopener\" target=\"_blank\">X Factor<\/a>&#8220;, dopo l&#8217;addio di <a href=\"https:\/\/www.ilmessaggero.it\/t\/achille-lauro\" rel=\"nofollow noopener\" target=\"_blank\">Achille Lauro<\/a>. Ci andrebbe?<\/strong><\/p>\n<p>\u00abSarebbe bellissimo. A me piacerebbe. Sono un ex insegnante. Ho lavorato per <strong>otto anni in una prestigiosa scuola di musica romana<\/strong>. \u00c8 il mio ruolo preferito, quello dell&#8217;insegnante. Mi piace aiutare i ragazzi a capire come vogliono essere, cosa vogliono mettere in evidenza della loro musica. Il lavoro che puoi fare su un ragazzo di vent&#8217;anni \u00e8 straordinario. Io l&#8217;ho fatto in primis su di me\u00bb.<\/p>\n<p><strong>Quando Simona Ventura nel 2009 la scart\u00f2 proprio da &#8220;X Factor&#8221;?<\/strong><\/p>\n<p>\u00abGi\u00e0. Mi presentai con Non mi chiedermi di Paola Cortellesi. Mi disse che non ero credibile. Aveva ragione lei. Avevo <strong>20 anni, ero acerba<\/strong>. Dopo quel &#8220;no&#8221; lasciai Bari e mi iscrissi al Conservatorio Alfredo Casella de L&#8217;Aquila. Probabilmente se fossi entrata a &#8220;X Factor&#8221; a vent&#8217;anni non sarei arrivata dove sono oggi. Quel rifiuto mi ha permesso di <strong>fare tutta la serie di esperienze che compongono la sacra gavetta<\/strong>\u00bb.<\/p>\n<p><strong>Tv a parte, non aveva detto di essere pronta ad aprire una scuola di musica a Roma?<\/strong><\/p>\n<p>\u00ab\u00c8 vero, lo avevo detto. Il progetto era pronto all&#8217;<strong>80%<\/strong>. Avevo iniziato a lavorarci lo scorso anno, affittando un locale proprio nel cuore di Roma, a via Urbana, nel rione Monti\u00bb.<\/p>\n<p><strong>E poi?<\/strong><\/p>\n<p>\u00ab<strong>Il successo mi ha presa in contropiede<\/strong>. Due programmi televisivi (Like A Star sul Nove e Io canto Family su Canale 5, che l&#8217;hanno vista entrambi proprio nel ruolo di giudice, ndr), 40 date, le promozioni dei singoli, Sanremo: troppo. <strong>Sono stata costretta a restituire le chiavi ai proprietari del locale, pagando le penali<\/strong>\u00bb.<\/p>\n<p><strong>Riprender\u00e0 in mano il progetto, in futuro?<\/strong><\/p>\n<p>\u00abNon lo so. Lo spero\u00bb.<\/p>\n<p><strong>Ma davvero non si diverte pi\u00f9, Serena?<\/strong><\/p>\n<p>\u00ab<strong>Realizzo solo ora che il disco si apre con quella frase, che \u00e8 di impatto<\/strong>. Peraltro non c&#8217;entra nulla con l&#8217;umore del brano, che \u00e8 una salsa. Il pezzo lo scrissi sei anni fa, dopo la scomparsa di mia mamma Maria: la salsa la ballavamo insieme. Questo album \u00e8 dedicato a lei. Ex cantante e musicista, mi ha trasmesso la passione per la musica. Il <strong>rammarico pi\u00f9 grande \u00e8 non poter condividere tutto questo con lei<\/strong>, ora. Forse, per\u00f2, \u00e8 un suo modo per dirmi: &#8220;Non ci sono, ma prenditi tutto quello che ti meriti&#8221;\u00bb.<\/p>\n<p><strong>Crede? <\/strong>\u00abNo\u00bb.<\/p>\n<p><strong>Per\u00f3 ha intitolato il suo album &#8220;Sacro&#8221; e nel video del singolo &#8220;Al mio paese&#8221;, con le siciliane Delia e Levante, gioca con l&#8217;immaginario delle spettacolari processioni tipiche del sud Italia.<\/strong><\/p>\n<p>\u00abIl video era un modo per omaggiare quelle usanze, alle quali sono legata. Invece sacri, per me, lo sono la famiglia, il folclore della mia terra e la musica latino americana, i <strong>tre filoni protagonisti delle canzoni del disco<\/strong>\u00bb.<\/p>\n<p><strong>Tra salsa, chacarera, flamenco e collaborazioni con la cubana Omara Portuondo e il re italiano del reggae Alborosie strizza l&#8217;occhio a Bad Bunny?<\/strong><\/p>\n<p>\u00abSembra: ma le assicuro che nel mio progetto c&#8217;\u00e8 <strong>autenticit\u00e0 e sincerit\u00e0<\/strong>. Non seguo le mode e le tendenze. Sono figlia di questa musica. Torna centrale il ruolo di mia madre, che era venezuelana. Ma nell&#8217;album ci sono anche star della black music e del jazz come <strong>Gregory Porter e Richard Bona<\/strong>\u00bb.<\/p>\n<p><strong>Da Sanremo si aspettava di pi\u00f9 che il nono posto?<\/strong><\/p>\n<p>\u00abMi sono sentita un po&#8217; come Giorgia l&#8217;anno scorso: pure lo stesso premio (il premio Tim, ndr). Comunque lo rifarei anche domani\u00bb.<\/p>\n<p><strong>Quindi mander\u00e0 una canzone a Stefano De Martino, che \u00e8 gi\u00e0 a caccia di big per il 2027?<\/strong><\/p>\n<p>\u00ab\u00c8 un caro amico. Lo stimo. Con lui feci il Bar Stella su Rai2. Gli \u00e8 piaciuta l&#8217;anima folk di Sacro. Vorrei portargli qualcosa di speciale. Ne riparliamo pi\u00f9 avanti, per\u00f2: il <strong>30 aprile parto da Londra con il tour<\/strong>, che dopo <strong>Madrid e Barcellona<\/strong> far\u00e0 tappa a Roma il <strong>13 giugno alla Cavea<\/strong> (nella Capitale sar\u00e0 anche oggi, per un firmacopie alla Discoteca Laziale, alle 17.30, ndr), prima di andare avanti <strong>fino a settembre inoltrato e chiudere il 3 ottobre al Palaflori di Bari<\/strong> (ride)\u00bb.<\/p>\n<p>&#13;<br \/>\n                                \u00a9 RIPRODUZIONE RISERVATA&#13;<\/p>\n<p>&#13;<\/p>\n<p>\n                            Il punto serale sulle notizie del giorno<br \/>\n                            <b>Iscriviti<\/b> e ricevi le notizie via email\n                        <\/p>\n","protected":false},"excerpt":{"rendered":"\u00abSono anni che io non mi diverto pi\u00f9\u00bb: comincia cos\u00ec, con questo verso, il nuovo album di Serena&hellip;\n","protected":false},"author":3,"featured_media":446980,"comment_status":"","ping_status":"","sticky":false,"template":"","format":"standard","meta":{"footnotes":"","_share_on_mastodon":"0"},"categories":[1443],"tags":[13555,203,17090,204,1537,90,89,1538,1539,19221,30024,48718],"class_list":["post-446979","post","type-post","status-publish","format-standard","has-post-thumbnail","category-musica","tag-achille-lauro","tag-entertainment","tag-festival-di-sanremo","tag-intrattenimento","tag-it","tag-italia","tag-italy","tag-music","tag-musica","tag-serena-brancale","tag-spotify","tag-x-factor"],"share_on_mastodon":{"url":"https:\/\/pubeurope.com\/@it\/116417232243227673","error":""},"_links":{"self":[{"href":"https:\/\/www.europesays.com\/it\/wp-json\/wp\/v2\/posts\/446979","targetHints":{"allow":["GET"]}}],"collection":[{"href":"https:\/\/www.europesays.com\/it\/wp-json\/wp\/v2\/posts"}],"about":[{"href":"https:\/\/www.europesays.com\/it\/wp-json\/wp\/v2\/types\/post"}],"author":[{"embeddable":true,"href":"https:\/\/www.europesays.com\/it\/wp-json\/wp\/v2\/users\/3"}],"replies":[{"embeddable":true,"href":"https:\/\/www.europesays.com\/it\/wp-json\/wp\/v2\/comments?post=446979"}],"version-history":[{"count":0,"href":"https:\/\/www.europesays.com\/it\/wp-json\/wp\/v2\/posts\/446979\/revisions"}],"wp:featuredmedia":[{"embeddable":true,"href":"https:\/\/www.europesays.com\/it\/wp-json\/wp\/v2\/media\/446980"}],"wp:attachment":[{"href":"https:\/\/www.europesays.com\/it\/wp-json\/wp\/v2\/media?parent=446979"}],"wp:term":[{"taxonomy":"category","embeddable":true,"href":"https:\/\/www.europesays.com\/it\/wp-json\/wp\/v2\/categories?post=446979"},{"taxonomy":"post_tag","embeddable":true,"href":"https:\/\/www.europesays.com\/it\/wp-json\/wp\/v2\/tags?post=446979"}],"curies":[{"name":"wp","href":"https:\/\/api.w.org\/{rel}","templated":true}]}}