{"id":447025,"date":"2026-04-17T01:20:13","date_gmt":"2026-04-17T01:20:13","guid":{"rendered":"https:\/\/www.europesays.com\/it\/447025\/"},"modified":"2026-04-17T01:20:13","modified_gmt":"2026-04-17T01:20:13","slug":"mercato-biasin-annuncia-inter-prendera-un-difensore-ce-il-nome-ed-e","status":"publish","type":"post","link":"https:\/\/www.europesays.com\/it\/447025\/","title":{"rendered":"Mercato, Biasin annuncia: &#8220;Inter prender\u00e0 un difensore: c&#8217;\u00e8 il nome ed \u00e8&#8230;&#8221;"},"content":{"rendered":"<p>L&#8217;Inter far\u00e0 tanti colpi quest&#8217;estate sul mercato, ma uno \u00e8 sicuro: il difensore centrale. Lo ha annunciato Fabrizio Biasin<\/p>\n<p><a href=\"https:\/\/www.fcinter1908.it\/ultimora\/bergomi-inter-champions-finali\/\" rel=\"nofollow noopener\" target=\"_blank\">L&#8217;Inter<\/a> far\u00e0 tanti colpi quest&#8217;estate sul mercato, ma uno \u00e8 sicuro: il difensore centrale. Lo ha annunciato <strong>Fabrizio Biasin<\/strong>, giornalista, nell&#8217;ultima diretta di Cronache di Spogliatoio.<\/p>\n<p>&#8220;L&#8217;Inter prender\u00e0 un difensore centrale e c&#8217;\u00e8 gi\u00e0 il nome: dovrebbe essere Muharemovic, che entra in una stretta cerchia di giocatori che il club sta seguendo. L&#8217;altro \u00e8 Solet, ma il prediletto dovrebbe essere lui&#8221;, le sue parole.<\/p>\n<p class=\"is-copyright\">\u00a9 RIPRODUZIONE RISERVATA<\/p>\n","protected":false},"excerpt":{"rendered":"L&#8217;Inter far\u00e0 tanti colpi quest&#8217;estate sul mercato, ma uno \u00e8 sicuro: il difensore centrale. Lo ha annunciato Fabrizio&hellip;\n","protected":false},"author":3,"featured_media":447026,"comment_status":"","ping_status":"","sticky":false,"template":"","format":"standard","meta":{"footnotes":"","_share_on_mastodon":"0"},"categories":[1452],"tags":[118,10107,721,925,4053,31838,1740,350,1537,90,89,1412,1739,245,244],"class_list":["post-447025","post","type-post","status-publish","format-standard","has-post-thumbnail","category-calcio","tag-annunciato","tag-biasin","tag-calcio","tag-centrale","tag-difensore","tag-difensore-centrale","tag-football","tag-inter","tag-it","tag-italia","tag-italy","tag-mercato","tag-soccer","tag-sport","tag-sports"],"share_on_mastodon":{"url":"https:\/\/pubeurope.com\/@it\/116417424718235317","error":""},"_links":{"self":[{"href":"https:\/\/www.europesays.com\/it\/wp-json\/wp\/v2\/posts\/447025","targetHints":{"allow":["GET"]}}],"collection":[{"href":"https:\/\/www.europesays.com\/it\/wp-json\/wp\/v2\/posts"}],"about":[{"href":"https:\/\/www.europesays.com\/it\/wp-json\/wp\/v2\/types\/post"}],"author":[{"embeddable":true,"href":"https:\/\/www.europesays.com\/it\/wp-json\/wp\/v2\/users\/3"}],"replies":[{"embeddable":true,"href":"https:\/\/www.europesays.com\/it\/wp-json\/wp\/v2\/comments?post=447025"}],"version-history":[{"count":0,"href":"https:\/\/www.europesays.com\/it\/wp-json\/wp\/v2\/posts\/447025\/revisions"}],"wp:featuredmedia":[{"embeddable":true,"href":"https:\/\/www.europesays.com\/it\/wp-json\/wp\/v2\/media\/447026"}],"wp:attachment":[{"href":"https:\/\/www.europesays.com\/it\/wp-json\/wp\/v2\/media?parent=447025"}],"wp:term":[{"taxonomy":"category","embeddable":true,"href":"https:\/\/www.europesays.com\/it\/wp-json\/wp\/v2\/categories?post=447025"},{"taxonomy":"post_tag","embeddable":true,"href":"https:\/\/www.europesays.com\/it\/wp-json\/wp\/v2\/tags?post=447025"}],"curies":[{"name":"wp","href":"https:\/\/api.w.org\/{rel}","templated":true}]}}