{"id":447194,"date":"2026-04-17T04:25:23","date_gmt":"2026-04-17T04:25:23","guid":{"rendered":"https:\/\/www.europesays.com\/it\/447194\/"},"modified":"2026-04-17T04:25:23","modified_gmt":"2026-04-17T04:25:23","slug":"colnago-a-la-scala-di-milano-per-andare-oltre-il-prodotto-verso-la-cultura-gallery","status":"publish","type":"post","link":"https:\/\/www.europesays.com\/it\/447194\/","title":{"rendered":"COLNAGO A LA SCALA DI MILANO PER ANDARE OLTRE IL PRODOTTO, VERSO LA CULTURA. GALLERY"},"content":{"rendered":"<p style=\"text-align: justify;\"><strong>Ieri sera a La Scala di Milano Colnago ha presentato il suo ultimo gioiello, la C72<\/strong>, l&#8217;<a href=\"https:\/\/www.tuttobicitech.it\/article\/2026\/04\/15\/1776255424\/colnago-ciclismo-bici-da-corsa-artigianalita-italiana-design\" target=\"_blank\" rel=\"noopener nofollow\">edizione limitata C72 La Scala<\/a>, omaggio a quella che rappresenta nel mondo una delle pi\u00f9 iconiche espressioni della cultura italiana, e l&#8217;Atlante Colnago, prima opera del nuovo progetto Colnago Cultura.\n            <\/p>\n<p style=\"text-align: justify;\">In una serata di gala con invitati provenienti da tutto il mondo le bellezze a due ruote si sono perfettamente mescolate alle note della pianista Margherita Colombo, del tenore Crist\u00f2bal Campos Mar\u00ecn e della soprano Mariapaola Di Carlo che hanno allietato la platea con La donna \u00e8 mobile del Rigoletto di Giuseppe Verdi, O mio babbino caro del Gianni Schicchi di Giacomo Puccini e Suzel, buon d\u00ec&#8230; Tutto tace de L&#8217;amico Fritz di Pietro Mascagni.\n            <\/p>\n<p style=\"text-align: justify;\"><img loading=\"lazy\" decoding=\"async\" src=\"https:\/\/www.europesays.com\/it\/wp-content\/uploads\/2026\/04\/69dfffb13bec886975040c02.png\" alt=\"\" width=\"1500\" height=\"932\"\/><\/p>\n<p style=\"text-align: justify;\">Dopo il saluto di <strong>Fortunato Ortombina<\/strong>, Sovrintendente e Direttore Artistico del Teatro alla Scala, il CEO di Colnago\u00a0<strong>Nicola Rosin<\/strong> ha ringraziato tutti i presenti e partner che lo stanno aiutando a portare avanti l&#8217;azienda fondata e resa celebre nel mondo da Ernesto Colnago e che tutt&#8217;oggi fornisce le bici ai migliori corridori del mondo, a partire dal numero 1 Tadej Pogacar, a cui Colnago dedicher\u00e0 nei prossimi mesi il documentario Pog1. L&#8217;ingegnere <strong>Davide Fugamagalli<\/strong> ha quindi illustrato le novit\u00e0 dell&#8217;ultimo modello di casa Colnago, a cui abbiamo gi\u00e0 dedicato un <a href=\"https:\/\/www.tuttobicitech.it\/article\/2026\/04\/15\/1776255424\/colnago-ciclismo-bici-da-corsa-artigianalita-italiana-design\" target=\"_blank\" rel=\"noopener nofollow\">articolo ad hoc<\/a>.<\/p>\n<p style=\"text-align: justify;\"><strong>Oltre il prodotto, verso la cultura<\/strong><\/p>\n<p style=\"text-align: justify;\">Il lancio della C72 ha segnato anche l\u2019introduzione di<strong> Colnago Cultura, la nuova piattaforma culturale del brand<\/strong> dedicata alla valorizzazione e alla preservazione del suo patrimonio storico, tecnico e creativo.<\/p>\n<p style=\"text-align: justify;\">Concepita come un\u2019iniziativa di lungo periodo, Colnago Cultura nasce con l\u2019obiettivo di strutturare e sviluppare il racconto del brand oltre il prodotto, esplorando le connessioni tra design, ingegneria, artigianalit\u00e0 e identit\u00e0 italiana. Riflette una visione pi\u00f9 ampia in cui la performance non si misura solo sulla strada, ma si esprime anche attraverso cultura, narrazione e produzione creativa.<\/p>\n<p style=\"text-align: justify;\">Pensata come una piattaforma aperta, Colnago Cultura evolver\u00e0 attraverso progetti editoriali, produzioni cinematografiche ed esposizioni curate, dialogando con un ecosistema pi\u00f9 ampio di eccellenze italiane, tra diversi ambiti e discipline.<\/p>\n<p style=\"text-align: justify;\"><img loading=\"lazy\" decoding=\"async\" src=\"https:\/\/www.europesays.com\/it\/wp-content\/uploads\/2026\/04\/69e00001e763b4679f002e72.png\" alt=\"\" width=\"1500\" height=\"998\"\/><\/p>\n<p style=\"text-align: justify;\"><strong>Atlante Colnago<\/strong><\/p>\n<p style=\"text-align: justify;\">In occasione del lancio, Colnago ha presentato Atlante Colnago, prima espressione di Colnago Cultura. <strong>Atlante Colnago \u00e8 un volume riccamente illustrato che ripercorre lo straordinario percorso del brand, dalle origini a Cambiago fino alla sua presenza globale<\/strong>. Attraverso materiali d\u2019archivio, biciclette iconiche, vittorie leggendarie e storie personali, il libro offre una prospettiva unica sulla cultura e sull\u2019evoluzione del ciclismo attraverso lo sguardo di Colnago. Pensato come un atlante, pu\u00f2 essere esplorato tra tempo, geografia e design, celebrando al tempo stesso innovazione e tradizione. Concepito come un vero oggetto da collezione, il volume \u00e8 presentato in un elegante formato 258x352x44,5 mm ed \u00e8 caratterizzato da una selezione curata di carte pregiate dedicate.\u00a0Lo trovate su <a href=\"https:\/\/www.colnago.com\/it-it\/products\/colnago-atlas\" target=\"_blank\" rel=\"noopener nofollow\">www.colnago.com<\/a>.<\/p>\n<p style=\"text-align: justify;\"><img loading=\"lazy\" decoding=\"async\" src=\"https:\/\/www.europesays.com\/it\/wp-content\/uploads\/2026\/04\/69dfffdd2c69677e630af0a2.png\" alt=\"\" width=\"1500\" height=\"1039\"\/><\/p>\n","protected":false},"excerpt":{"rendered":"Ieri sera a La Scala di Milano Colnago ha presentato il suo ultimo gioiello, la C72, l&#8217;edizione limitata&hellip;\n","protected":false},"author":3,"featured_media":447195,"comment_status":"","ping_status":"","sticky":false,"template":"","format":"standard","meta":{"footnotes":"","_share_on_mastodon":"0"},"categories":[1456],"tags":[1824,15040,1644,1825,1537,90,89,251327,245,244],"class_list":["post-447194","post","type-post","status-publish","format-standard","has-post-thumbnail","category-ciclismo","tag-ciclismo","tag-colnago","tag-cultura","tag-cycling","tag-it","tag-italia","tag-italy","tag-la-scala","tag-sport","tag-sports"],"share_on_mastodon":{"url":"https:\/\/pubeurope.com\/@it\/116418152536572421","error":""},"_links":{"self":[{"href":"https:\/\/www.europesays.com\/it\/wp-json\/wp\/v2\/posts\/447194","targetHints":{"allow":["GET"]}}],"collection":[{"href":"https:\/\/www.europesays.com\/it\/wp-json\/wp\/v2\/posts"}],"about":[{"href":"https:\/\/www.europesays.com\/it\/wp-json\/wp\/v2\/types\/post"}],"author":[{"embeddable":true,"href":"https:\/\/www.europesays.com\/it\/wp-json\/wp\/v2\/users\/3"}],"replies":[{"embeddable":true,"href":"https:\/\/www.europesays.com\/it\/wp-json\/wp\/v2\/comments?post=447194"}],"version-history":[{"count":0,"href":"https:\/\/www.europesays.com\/it\/wp-json\/wp\/v2\/posts\/447194\/revisions"}],"wp:featuredmedia":[{"embeddable":true,"href":"https:\/\/www.europesays.com\/it\/wp-json\/wp\/v2\/media\/447195"}],"wp:attachment":[{"href":"https:\/\/www.europesays.com\/it\/wp-json\/wp\/v2\/media?parent=447194"}],"wp:term":[{"taxonomy":"category","embeddable":true,"href":"https:\/\/www.europesays.com\/it\/wp-json\/wp\/v2\/categories?post=447194"},{"taxonomy":"post_tag","embeddable":true,"href":"https:\/\/www.europesays.com\/it\/wp-json\/wp\/v2\/tags?post=447194"}],"curies":[{"name":"wp","href":"https:\/\/api.w.org\/{rel}","templated":true}]}}