{"id":447763,"date":"2026-04-17T13:13:14","date_gmt":"2026-04-17T13:13:14","guid":{"rendered":"https:\/\/www.europesays.com\/it\/447763\/"},"modified":"2026-04-17T13:13:14","modified_gmt":"2026-04-17T13:13:14","slug":"sorpreso-da-ranieri-mai-toni-aggressivi-tra-noi-poi-lascia-la-conferenza-in-lacrime-e-prende-a-calci-una-porta","status":"publish","type":"post","link":"https:\/\/www.europesays.com\/it\/447763\/","title":{"rendered":"\u00abSorpreso da Ranieri, mai toni aggressivi tra noi\u00bb. Poi lascia la conferenza in lacrime e prende a calci una porta"},"content":{"rendered":"<p>\n                            Risparmio e investimenti, ogni venerd\u00ec<br \/>\n                            <b>Iscriviti<\/b> e ricevi le notizie via email\n                        <\/p>\n<p>Sabato sera non ci saranno alibi: <strong>Roma-Atalanta<\/strong> sar\u00e0 una partita che potr\u00e0 dire tanto in ottica Champions League. Se vinci, resti dentro la corsa. Se sbagli, diminuiscono le possibilit\u00e0. E all\u2019Olimpico (calcio d\u2019inizio alle 20:45) Gasperini ritrover\u00e0 il suo passato, dopo l&#8217;1-0 dell&#8217;andata a Bergamo. La Roma ci arriva in un momento particolarmente delicato: <strong>a Trigoria si respira tensione, quella tra l&#8217;allenatore e Claudio Ranieri<\/strong>, con la propriet\u00e0 Friedkin che dovr\u00e0 presto prendere decisioni importanti sul futuro. Rumori che ci sono, ma che il tecnico ha cercato inevitabilmente lasciare fuori dal campo. Perch\u00e9 l\u00ec, i giallorossi ci arrivano ancora in emergenza. Contro la Dea mancheranno Kon\u00e9, Dybala e Dovbyk: non proprio dettagli. La buona notizia \u00e8 il ritorno di Mancini;\u00a0restano in dubbio Pisilli, Wesley\u00a0ed Hermoso. Alla vigilia, Gasperini ha parlato in conferenza stampa. <strong>Di seguito le sue parole<\/strong>.<\/p>\n<p>&#13;<br \/>\n    APPROFONDIMENTI&#13;<br \/>\n    &#13;<\/p>\n<p><strong>La tensione con Ranieri.<\/strong><br \/>\u00abPer me l&#8217;intervista di Ranieri \u00e8 stata una sorpresa incredibile, non c \u00e8 mai stato e dico mai un tono cos\u00ec, inaspettato. E dico, in tanti mesi non avevo mai avuto questa sensazione o questi toni da parte sua. Da quel momento in poi io mi sono solamente preoccupato, primo di non rispondere, secondo di cercare, anche se involontariamente sono coinvolto, di non creare nessun tipo di danno, nessun tipo di difficolt\u00e0 alla squadra, principalmente, e anche nel rispetto del pubblico. C&#8217;erano 60.000 persone e ce ne saranno magari altrettante, forse anche di pi\u00f9 domani, che vengono allo stadio per vedere la partita, una partita importante di livello, dove noi abbiamo ancora delle chance per poterci giocare, e credo che la cosa importante sia questa. E quindi gradirei veramente che parlassimo di questo, anche perch\u00e9 non sono intervenuto durante tutta la settimana. Mi \u00e8 arrivato addosso di tutto, io avrei voluto cercare di impedire tutto questo, ma mi \u00e8 stato impossibile da parte mia. E quindi da oggi vorrei che veramente parlassimo di calcio, nel rispetto di una partita che \u00e8 alla 33esima giornata, una partita dopo tante giornate, dopo un campionato che abbiamo giocato\u00bb.<\/p>\n<p><strong>Si \u00e8 parlato solo di questa vicenda in settimana. Quanto \u00e8 stato complicato preparare la partita?<\/strong><br \/>\u00ab\u00c8 evidente che, per\u00f2, mio malgrado, ho dovuto subire tutto questo impatto mediatico che c&#8217;\u00e8 stato. Se devo dire, per me e per la squadra, per la partita di domani, l\u2019alibi, l\u2019impatto \u00e8 zero. Zero. Noi domani abbiamo nella testa di giocare una gara della 33esima giornata. Quindi siamo in un percorso vicino a quello che \u00e8 il rush finale, partita importantissima per tutte e due le squadre, pi\u00f9 per noi sicuramente. E noi la concentrazione abbiamo cercato di spostarla solo ed esclusivamente sul piano tecnico, sul piano della gara, e nel tentativo, per me fondamentale, di non creare n\u00e9 alibi n\u00e9 di arrecare danno alla squadra, danno alla gente, nessun tipo. Questo \u00e8 stato l\u2019unico mio obiettivo. Adesso andiamo a giocare la partita e potremo confrontarci per il traguardo Champions\u00bb.<\/p>\n<p><strong>Domani tante assenze. Wesley sembrava poter recuperare. Come sta? C\u2019\u00e8 una tensione interna sul recupero degli infortuni?<\/strong><br \/>\u00abS\u00ec, a volte \u00e8 motivo anche di confronto e di discussione interna, che \u00e8 abbastanza normale. <\/p>\n<p>In questo caso Wesley si sente di pronto perch\u00e9 ha grande generosit\u00e0, ha voglia di poter giocare. Effettua sprint, scatti, tiri, per\u00f2 magari la parte medica considera, giustamente, non lo so questo, che invece ci siano dei rischi e non vuole rischiare. E su questo a volte si innescano anche delle discussioni e delle problematiche. Di l\u00ec a fare tutto un altro tipo di discussione ce ne passa. Per Wesley vedremo entro domani, per\u00f2 l\u2019indicazione, se del medico, \u00e8 di no, io non posso fare nulla. Io mi sono sempre attenuto alle indicazioni mediche. Non ho mai forzato. Posso dire: cerchiamo di rientrare in una dialettica normale, cerchiamo di avere un po\u2019 di coraggio, ma non posso andare a forzare delle situazioni. Tutti gli allenatori dipendono dall\u2019ok medico prima di poter utilizzare un giocatore\u00bb.<\/p>\n<p><strong>Questo cortocircuito pu\u00f2 influenzare la mente dei giocatori?<\/strong><br \/>\u00abNo, zero. \u00c8 una partita importante, non abbiamo nessun alibi, anzi, semmai un po\u2019 di benzina in pi\u00f9, un po\u2019 di propellente in pi\u00f9. Credo anche che la gente lo capisca e quindi sosterr\u00e0 ancora pi\u00f9 forte la squadra\u00bb.<\/p>\n<p><strong>Lei si sente pi\u00f9 vicino o pi\u00f9 lontano a restare sulla panchina della Roma?<\/strong><br \/>\u00abLei continua a parlare di altre cose, io parlo di partita. Ho gi\u00e0 detto che non voglio creare nessun tipo di problema, con queste domande lei crea dei problemi. Quindi faccia una domanda sulla squadra o sulla partita di domani. Io qui su altre cose ho chiuso. Se le fa piacere, parliamo di calcio\u00bb.<\/p>\n<p><strong>Pu\u00f2 darci delle indicazioni di formazione?<\/strong><br \/>\u00abNon \u00e8 cambiato niente rispetto alla settimana scorsa, se non che abbiamo perso Pellegrini. La formazione \u00e8 quella, Pisilli sembra aver recuperato, ma le alternative sono quelle\u00bb.<\/p>\n<p><strong>Domani partita fondamentale per la Champions. Pi\u00f9 volte ha ribadito che la societ\u00e0 non le ha chiesto la Champions. Ma lei ritiene che l\u2019approdo in Champions pu\u00f2 cambiare le decisioni che verranno prese a fine anno?<\/strong><br \/>\u00abLa societ\u00e0 e Ranieri sono sempre stati molto chiari. lo ho pensato che con molto poco potessimo raggiungere l&#8217;obiettivo subito e i fatti lo dimostrano, siamo ancora l\u00ec, nonostante tutte le defezioni. Nel girone di andata non abbiamo avuto cos\u00ec problemi, riuscivamo a compensare. Da gennaio in poi ce ne sono state tante, ma io ho sempre pensato che con un paio di idee in pi\u00f9 avremmo avuto ancora pi\u00f9 occasioni. Ma sono confronti normali, con Ranieri (lo dice due volte, ndr) non sono mai stati con toni aggressivi. Se riusciamo a battere una squadra molto forte come l&#8217;Atalanta vediamo che succede. Sono un ostacolo duro. Se li battiamo siamo autorizzati a giocare la Champions, poi ne abbiamo altre davanti, ma questo \u00e8 il parametro che mi sono sempre creato\u00bb.<\/p>\n<p><strong>Quanto manca alla Roma per la Champions? Cosa manca per la programmazione futura?<\/strong><br \/>\u00abHo sempre lavorato per cercare di migliorare la mia squadra. Io sono stato chiamato qua per sviluppare una squadra per quelle che sono le mie idee di calcio, quindi ho sempre spinto in una direzione, in certi tipi di giocatori, e questo \u00e8 sempre stato il mio intendimento, senza altri secondi fini. La mia intenzione \u00e8 sempre stata quella di cercare di migliorare la squadra per raggiungere subito la Champions, se possibile. Non devo aspettare niente, se possibile, subito. Se non ci fossero stati tutti questi infortuni sarebbe stata sicuramente, probabilmente, pi\u00f9 agevole, per\u00f2 ci proviamo lo stesso. Per noi l&#8217;obiettivo rimane quello\u00bb.<\/p>\n<p><strong>Che cosa pensa di Palladino e della sua Atalanta? C\u2019\u00e8 stata qualche frizione in campo all\u2019andata?<\/strong><br \/>\u00abLo conosco da quando ha 17 anni, credo di essere stato un riferimento per lui. Le tensioni in partita sono normali, il calcio \u00e8 calcio, avevo degli amici quando giocavo che ci davamo legnate e poi andavamo a cena insieme. L&#8217;agonismo \u00e8 fatto anche di queste situazioni. lo ho lasciato un contratto e la Champions, loro volevano rinnovare e io pensavo che il ciclo fosse chiuso, avrei mantenuto il contratto ma non avrei rinnovato. Sono venuto qui e ho visto una possibilit\u00e0 straordinaria e ripeto: ne sono contento. Sono stato 8 anni a Genova e 9 a Bergamo, forse non sono proprio una persona cos\u00ec brutta. Ci sta di avere dei punti di vista diversi, come tra marito e moglie. Se riesci a fare bene a Roma hai una gratificazione incredibile\u00bb.<\/p>\n<p><strong>Pensa di poter alzare l\u2019asticella alla Roma?<\/strong><br \/>\u00abI miei giocatori hanno avuto uno spirito strepitoso tutto l\u2019anno, poi si vedr\u00e0 a fine stagione. Adesso intanto siamo l\u00ec, siamo l\u00ec a giocarci queste ultime sei partite. Io sono venuto con quello spirito, con quella convinzione. Quando ho avuto modo di conoscere questa propriet\u00e0 ho fatto una scelta anche rispetto ad altre cose e ho scelto perch\u00e9 ritenevo Roma una piazza che, se riesci a fare bene a Roma, hai una gratificazione importantissima\u00bb.<\/p>\n<p><strong>Domani sar\u00e0 pi\u00f9 facile recuperare palla nella loro met\u00e0 campo o costruire dal basso?<\/strong><br \/>\u00abSono due squadre molto simili. All\u2019andata per noi l\u2019inizio era stato molto buono, abbiamo sfiorato molto il gol. Dopo abbiamo sofferto molto la loro pressione, soprattutto la loro voglia in quel momento di vincere. Quindi sono due squadre molto equilibrate, lo dice anche la classifica, anche se noi siamo davanti. Sono due squadre che si conoscono sicuramente. So benissimo che quei ragazzi hanno un nucleo straordinario, che garantisce sempre grande competitivit\u00e0. Per\u00f2 anche i miei ragazzi hanno avuto uno spirito tutto l\u2019anno strepitoso. Io credo che domani sia veramente una bella partita, una partita molto difficile per entrambe, molto equilibrata. Mi auguro, anzi sono convinto, che avremo anche la gente che dar\u00e0 una mano ai nostri giocatori, perch\u00e9 \u00e8 una partita decisiva se la perdi, ma se la vinci ti permette di alzare la mente di classifica. Abbiamo questo obiettivo, che non \u00e8 quello dichiarato, ma \u00e8 quello che abbiamo sempre voluto io e tutta la squadra, e ce lo giochiamo insieme ai tifosi, che devono pensare alla partita\u00bb.<\/p>\n<p><strong>C\u2019\u00e8 qualcosa della sua storia con l\u2019Atalanta che porterebbe a Roma?<\/strong><br \/>\u00abA Roma c&#8217;\u00e8 tutto, soprattutto nella squadra e nell&#8217;ambiente esterno, per poter fare bene, magari con altre caratteristiche. A Bergamo ho potuto fare bene perch\u00e9 il contesto attorno a me era molto compatto. Il lavoro della societ\u00e0 \u00e8 stato straordinario, essendo una sola squadra e una citt\u00e0 piccola era unita alla squadra e alla societ\u00e0 e questo ha creato un clima ideale. E&#8217;stata costruita una squadra forte, nel tempo, per tanti anni, dove non c&#8217;erano solo ragazzi giovani venduti a cifre importantissime che hanno reso la societ\u00e0 ricchissima. Pensate a Lookman, Retegui, Ruggieri, oltre alle rendite della Champions. Ma la capacit\u00e0 della societ\u00e0 \u00e8 stata operare insieme a me una squadra dove c&#8217;erano s\u00ec i giovani ma anche Gomez, Zapata, Ilicic, De Roon, Toloi.. un nucleo molto forte andato avanti per anni e sostituito e integrato da altri. E&#8217;cambiata molto, ma c&#8217;\u00e8 stato sempre un nucleo non solo di ragazzini e di giovani, con degli introiti straordinari per una societ\u00e0 nel vendere e reinvestire facendo utili. L&#8217;anomalia dell&#8217;Atalanta \u00e8 stata che per 9 anni ha giocato in Europa, con le migliori squadre italiane ed europee, facendo utili tutti gli anni. Non solo per merito mio ma molto per merito di una societ\u00e0 capacissima a operare in sintonia con l&#8217;allenatore. A un certo punto questa sintonia, un po&#8217; per il cambio propriet\u00e0 e un po&#8217; perch\u00e9 non c&#8217;era pi\u00f9 il pap\u00e0 al quale ero pi\u00f9 legato&#8230; <strong>(si commuove e va via, ndr)<\/strong>\u00bb.<\/p>\n<p>&#13;<br \/>\n                            \u00a9 RIPRODUZIONE RISERVATA&#13;<\/p>\n<p>&#13;<\/p>\n","protected":false},"excerpt":{"rendered":"Risparmio e investimenti, ogni venerd\u00ec Iscriviti e ricevi le notizie via email Sabato sera non ci saranno alibi:&hellip;\n","protected":false},"author":3,"featured_media":447764,"comment_status":"","ping_status":"","sticky":false,"template":"","format":"standard","meta":{"footnotes":"","_share_on_mastodon":"0"},"categories":[176],"tags":[7724,30413,5301,1537,90,89,30414,987,245,244],"class_list":["post-447763","post","type-post","status-publish","format-standard","has-post-thumbnail","category-sport","tag-as-roma","tag-friedkin","tag-gasperini","tag-it","tag-italia","tag-italy","tag-ranieri","tag-roma","tag-sport","tag-sports"],"share_on_mastodon":{"url":"https:\/\/pubeurope.com\/@it\/116420228180169203","error":""},"_links":{"self":[{"href":"https:\/\/www.europesays.com\/it\/wp-json\/wp\/v2\/posts\/447763","targetHints":{"allow":["GET"]}}],"collection":[{"href":"https:\/\/www.europesays.com\/it\/wp-json\/wp\/v2\/posts"}],"about":[{"href":"https:\/\/www.europesays.com\/it\/wp-json\/wp\/v2\/types\/post"}],"author":[{"embeddable":true,"href":"https:\/\/www.europesays.com\/it\/wp-json\/wp\/v2\/users\/3"}],"replies":[{"embeddable":true,"href":"https:\/\/www.europesays.com\/it\/wp-json\/wp\/v2\/comments?post=447763"}],"version-history":[{"count":0,"href":"https:\/\/www.europesays.com\/it\/wp-json\/wp\/v2\/posts\/447763\/revisions"}],"wp:featuredmedia":[{"embeddable":true,"href":"https:\/\/www.europesays.com\/it\/wp-json\/wp\/v2\/media\/447764"}],"wp:attachment":[{"href":"https:\/\/www.europesays.com\/it\/wp-json\/wp\/v2\/media?parent=447763"}],"wp:term":[{"taxonomy":"category","embeddable":true,"href":"https:\/\/www.europesays.com\/it\/wp-json\/wp\/v2\/categories?post=447763"},{"taxonomy":"post_tag","embeddable":true,"href":"https:\/\/www.europesays.com\/it\/wp-json\/wp\/v2\/tags?post=447763"}],"curies":[{"name":"wp","href":"https:\/\/api.w.org\/{rel}","templated":true}]}}