{"id":448186,"date":"2026-04-17T19:37:20","date_gmt":"2026-04-17T19:37:20","guid":{"rendered":"https:\/\/www.europesays.com\/it\/448186\/"},"modified":"2026-04-17T19:37:20","modified_gmt":"2026-04-17T19:37:20","slug":"arezzo-omaggia-la-fotografia-vintage-torna-foto-antiquaria","status":"publish","type":"post","link":"https:\/\/www.europesays.com\/it\/448186\/","title":{"rendered":"Arezzo omaggia la fotografia \u201cvintage\u201d:\u00a0torna Foto Antiquaria"},"content":{"rendered":"<p>Arezzo, 17 aprile 2026 \u2013\u00a0Arezzo omaggia la fotografia \u201cvintage\u201d:<strong> domenica 19 aprile<\/strong> torna <strong>Foto Antiquaria, l<\/strong>a storica mostra-mercato di fotocamere, cineprese e attrezzature fotografiche antiche che, giunta alla sua <strong>79\u00b0 edizione<\/strong>, \u00e8 un appuntamento imperdibile per appassionati e collezionisti.<\/p>\n<p>Dalle ore 9.00 alle ore 17.00, l<strong>e Logge del Vasari <\/strong>affacciate sulla rinascimentale <strong>Piazza Grande,<\/strong> accoglieranno tanti espositori provenienti da ogni parte d\u2019Italia.\u00a0Prender\u00e0 cos\u00ec vita una singolare fiera dove sar\u00e0 possibile acquistare o scambiare apparecchiature sia analogiche che digitali usate o fuori produzione e ci si potr\u00e0 muovere alla ricerca di pezzi rari e introvabili per arricchire la propria collezione o per riparare una antica fotocamera. Non mancher\u00e0 una sezione dedicata alla vendita di cartoline, libri e pubblicazioni varie di carattere fotografico.<\/p>\n<p>Storica mostra-mercato di fotocamere, cineprese e attrezzature fotografiche antiche FOTO ANTIQUARIA, ormai da oltre 35 anni, \u00e8 un appuntamento imperdibile per appassionati e collezionisti ed \u00e8 organizzata dalla Fondazione Arezzo Intour in collaborazione con <strong>Confartigianato <\/strong>Arezzo e il <strong>Foto Club \u201cLa Chimera\u201d <\/strong>di Arezzo.<\/p>\n<p>Nata nel<strong> 1986<\/strong> e prima in Italia, FOTO ANTIQUARIA propone due appuntamenti annuali (uno in primavera e uno a fine estate) ed \u00e8 visitata da migliaia di appassionati in cerca di occasioni uniche. Un motivo in pi\u00f9 per visitare Arezzo e il suo straordinario centro storico, magari dedicando qualche scatto anche alle eccellenze storico artistiche che la citt\u00e0 e il suo territorio presentano.<\/p>\n<p>In una citt\u00e0 che trova nelle arti il suo tratto pi\u00f9 distintivo Foto Antiquaria \u00e8 un appuntamento imperdibile. Questa manifestazione, insieme alla celebre Fiera Antiquaria, fa di Arezzo un punto di riferimento per il mondo dell\u2019antiquariato e del collezionismo e offre l\u2019occasione per scoprire uno dei centri storici pi\u00f9 belli d\u2019Italia dove, ovunque, si respira bellezza.<\/p>\n","protected":false},"excerpt":{"rendered":"Arezzo, 17 aprile 2026 \u2013\u00a0Arezzo omaggia la fotografia \u201cvintage\u201d: domenica 19 aprile torna Foto Antiquaria, la storica mostra-mercato&hellip;\n","protected":false},"author":3,"featured_media":448187,"comment_status":"","ping_status":"","sticky":false,"template":"","format":"standard","meta":{"footnotes":"","_share_on_mastodon":"0"},"categories":[1446],"tags":[251799,4699,1615,1613,1614,1611,1610,1612,203,4663,204,1537,90,89,7675,5583,22012],"class_list":["post-448186","post","type-post","status-publish","format-standard","has-post-thumbnail","category-arte-e-design","tag-antiquaria","tag-arezzo","tag-arte","tag-arte-e-design","tag-arteedesign","tag-arts","tag-arts-and-design","tag-design","tag-entertainment","tag-fotografia","tag-intrattenimento","tag-it","tag-italia","tag-italy","tag-omaggia","tag-torna","tag-vintage"],"share_on_mastodon":{"url":"https:\/\/pubeurope.com\/@it\/116421738287324453","error":""},"_links":{"self":[{"href":"https:\/\/www.europesays.com\/it\/wp-json\/wp\/v2\/posts\/448186","targetHints":{"allow":["GET"]}}],"collection":[{"href":"https:\/\/www.europesays.com\/it\/wp-json\/wp\/v2\/posts"}],"about":[{"href":"https:\/\/www.europesays.com\/it\/wp-json\/wp\/v2\/types\/post"}],"author":[{"embeddable":true,"href":"https:\/\/www.europesays.com\/it\/wp-json\/wp\/v2\/users\/3"}],"replies":[{"embeddable":true,"href":"https:\/\/www.europesays.com\/it\/wp-json\/wp\/v2\/comments?post=448186"}],"version-history":[{"count":0,"href":"https:\/\/www.europesays.com\/it\/wp-json\/wp\/v2\/posts\/448186\/revisions"}],"wp:featuredmedia":[{"embeddable":true,"href":"https:\/\/www.europesays.com\/it\/wp-json\/wp\/v2\/media\/448187"}],"wp:attachment":[{"href":"https:\/\/www.europesays.com\/it\/wp-json\/wp\/v2\/media?parent=448186"}],"wp:term":[{"taxonomy":"category","embeddable":true,"href":"https:\/\/www.europesays.com\/it\/wp-json\/wp\/v2\/categories?post=448186"},{"taxonomy":"post_tag","embeddable":true,"href":"https:\/\/www.europesays.com\/it\/wp-json\/wp\/v2\/tags?post=448186"}],"curies":[{"name":"wp","href":"https:\/\/api.w.org\/{rel}","templated":true}]}}