{"id":448289,"date":"2026-04-17T21:09:21","date_gmt":"2026-04-17T21:09:21","guid":{"rendered":"https:\/\/www.europesays.com\/it\/448289\/"},"modified":"2026-04-17T21:09:21","modified_gmt":"2026-04-17T21:09:21","slug":"il-nostro-e-un-amore-vero-quando-trovi-una-persona-che-ti-capisce-diventa-tutto-piu-autentico-lamore-di-fiona-may-e-patrick-stevens-a-pechino-express","status":"publish","type":"post","link":"https:\/\/www.europesays.com\/it\/448289\/","title":{"rendered":"\u00abIl nostro \u00e8 un amore vero. Quando trovi una persona che ti capisce diventa tutto pi\u00f9 autentico\u00bb. L&#8217;amore di Fiona May e Patrick Stevens a Pechino Express"},"content":{"rendered":"<p>\n                            Il punto serale sulle notizie del giorno<br \/>\n                            <b>Iscriviti<\/b> e ricevi le notizie via email\n                        <\/p>\n<p>A <a href=\"https:\/\/www.ilmessaggero.it\/t\/pechino-express\" rel=\"nofollow noopener\" target=\"_blank\">Pechino Express<\/a> \u2013 in esclusiva su Sky e in streaming su Now \u2013 sono i Veloci. Il loro passato da sportivi, lei campionessa di salto in lungo e lui sprinter, ha sicuramente aiutato nell\u2019approccio alle sfide fisiche e mentali che il programma richiede.<\/p>\n<p>Ma nella vita reale, a unire la coppia formata da <a href=\"https:\/\/www.ilmessaggero.it\/t\/fiona-may\" rel=\"nofollow noopener\" target=\"_blank\">Fiona May<\/a> e <a href=\"https:\/\/www.ilmessaggero.it\/t\/patrick-stevens\" rel=\"nofollow noopener\" target=\"_blank\">Patrick Stevens<\/a> \u00e8 un amore maturo, nato dopo la sofferenza. A Vanity Fair hanno raccontato la loro love story: \u00abQuando trovi una persona che ti capisce davvero \u2013 ha spiegato May &#8211; diventa tutto pi\u00f9 autentico. Il nostro \u00e8 un amore pi\u00f9 vero\u00bb.<\/p>\n<p>&#13;<br \/>\n    APPROFONDIMENTI&#13;<\/p>\n<p>&#13;<\/p>\n<p>                <a href=\"https:\/\/www.ilmessaggero.it\/persone\/chanel_totti_separazione_genitori_totti_blasi_pechino_express-9479065.html\" title=\"\u00abIl momento pi\u00f9 difficile la separazione dei miei genitori\u00bb\" rel=\"nofollow noopener\" target=\"_blank\"><img loading=\"lazy\" decoding=\"async\" src=\"https:\/\/www.europesays.com\/it\/wp-content\/uploads\/2026\/04\/9479065_17164926_fr_2026_04_17t164919.603.jpg\" title=\"\u00abIl momento pi\u00f9 difficile la separazione dei miei genitori\u00bb\" width=\"64\" height=\"64\" data-pagespeed-no-transform=\"\"\/><\/a>            <\/p>\n<p>    &#13;<\/p>\n<p>&#13;<\/p>\n<p>                <a href=\"https:\/\/www.ilmessaggero.it\/schede\/pechino_express_pagelle_eliminato_ascolti_chanel_paolantoni_izzo-9479040.html\" title=\"Pechino Express, le pagelle\" rel=\"nofollow noopener\" target=\"_blank\"><img loading=\"lazy\" decoding=\"async\" src=\"https:\/\/www.europesays.com\/it\/wp-content\/uploads\/2026\/04\/9479040_17141803_pechino_express_pagelle.jpg\" title=\"Pechino Express, le pagelle\" width=\"64\" height=\"64\" data-pagespeed-no-transform=\"\"\/><\/a>            <\/p>\n<p>    &#13;<\/p>\n<p>    &#13;<\/p>\n<p><a class=\"link_item\" data-linked_from=\"null\" href=\"https:\/\/www.ilmessaggero.it\/persone\/harry_meghan_viaggio_australia_polemica_bancomat-9474451.html\" rel=\"nofollow noopener\" target=\"_blank\">Harry e Meghan, polemiche per il loro viaggio in Australia: \u00abPuntano all&#8217;autopromozione e ad usarci come bancomat\u00bb<\/a><\/p>\n<p>Un amore nato dalla sofferenza <\/p>\n<p>L\u2019inizio, per\u00f2, \u00e8 stato segnato da grande cautela, proprio perch\u00e9 \u00aberavamo tutti e due con il cuore spezzato\u00bb, ha raccontato la campionessa. <\/p>\n<p>Tutto \u00e8 partito da sguardi scambiati durante le competizioni sportive in giro per il mondo, a cui entrambi partecipavano, fino al desiderio di conoscersi pi\u00f9 a fondo. \u00abStavo attraversando un momento difficile perch\u00e9 mi stavo separando \u2013 continua -. Proprio in quel periodo buio ci siamo conosciuti davvero\u00bb. A farle eco Stevens: \u00abVenivamo da storie complicate\u00bb. May \u00e8 stata sposata con Gianni Iapichino da cui ha avuto due figlie: Larissa, che ha seguito le sue orme, e Anastasia.<\/p>\n<p>All\u2019inizio, a complicare le cose, c\u2019era anche la distanza: lei viveva in Italia, lui in Belgio. \u00abOgni tanto andavo io da lui e ogni tanto veniva lui da me\u00bb, ha detto May. Nonostante ci\u00f2, il legame si \u00e8 rafforzato al punto da portarli a condividere anche l\u2019esperienza televisiva. Stevens ha confessato che in Belgio non seguiva il programma, ma di aver accettato per amore: \u00abNon guardo molto la televisione, per\u00f2 ho accettato. Anche semplicemente per stare con Fiona\u00bb. E May, dal canto suo, non ha avuto dubbi su chi scegliere come compagno d\u2019avventura: \u00abL\u2019unica persona di cui mi fidavo davvero era Patrick. Quando i miei agenti mi hanno proposto di coinvolgerlo ero scettica anche perch\u00e9 non parla bene italiano ma, alla fine, con mia grande sorpresa ha detto di s\u00ec\u00bb.<\/p>\n<p><a class=\"link_item\" data-linked_from=\"null\" href=\"https:\/\/www.ilmessaggero.it\/persone\/lda_figlio_gigi_d_alessio_padre_polemica_social-9456203.html\" rel=\"nofollow noopener\" target=\"_blank\">\u00abPer voi \u00e8 Gigi D&#8217;Alessio, per me \u00e8 pap\u00e0\u00bb. LDA si esibisce con il padre ed \u00e8 polemica sui social<\/a><\/p>\n<p>La tv come banco di prova e il nuovo futuro di May in tv <\/p>\n<p>Pechino Express si \u00e8 rivelato cos\u00ec anche un banco di prova per la coppia. \u00abA un certo punto ci siamo detti: vediamo cosa succede, magari \u00e8 un passo avanti per noi. E in realt\u00e0 \u00e8 andata benissimo\u00bb, ha spiegato May. La loro natura competitiva, per\u00f2, non \u00e8 mai venuta meno: \u00abUna volta ci hanno chiesto se eravamo amici delle altre coppie, ma Pechino \u00e8 una gara e noi siamo atleti: durante il programma per noi gli altri erano avversari\u00bb, ha affermato Stevens.<\/p>\n<p>Entrambi hanno dedicato la vita allo sport, raggiungendo risultati importanti, ma non senza sacrifici. Alla domanda su cosa lo sport abbia tolto, May risponde senza esitazioni: \u00abTempo e amici. Lo sport ad alto livello ti rende molto egoista: devi mangiare bene, dormire un certo numero di ore, allenarti. Non puoi uscire, non puoi fare vacanze normali. E poi, quando smetti, all\u2019improvviso ti accorgi che tra i venti e i trent\u2019anni hai perso tante esperienze della vita. Ripartire dopo \u00e8 stato difficile, anche perch\u00e9 devi cambiare mentalit\u00e0 e far capire agli altri che non sei solo un atleta\u00bb. Una visione che Stevens completa sottolineando come lo sport \u00abrende senz\u2019altro molto pi\u00f9 forti\u00bb.<\/p>\n<p>Per Fiona May non si tratta della prima esperienza nel mondo dello spettacolo: in passato ha partecipato \u2013 e vinto \u2013 Ballando con le stelle e ha recitato anche nella fiction Rai Butta la luna. Ora, con Pechino Express, si apre un nuovo capitolo. Se possa rappresentare un rilancio? \u00abIo lo spero\u00bb, risponde.<\/p>\n<p>&#13;<br \/>\n                            \u00a9 RIPRODUZIONE RISERVATA&#13;<\/p>\n<p>&#13;<\/p>\n","protected":false},"excerpt":{"rendered":"Il punto serale sulle notizie del giorno Iscriviti e ricevi le notizie via email A Pechino Express \u2013&hellip;\n","protected":false},"author":3,"featured_media":448290,"comment_status":"","ping_status":"","sticky":false,"template":"","format":"standard","meta":{"footnotes":"","_share_on_mastodon":"0"},"categories":[1444],"tags":[203,89951,204,1537,90,89,89952,86869,253],"class_list":["post-448289","post","type-post","status-publish","format-standard","has-post-thumbnail","category-tv","tag-entertainment","tag-fiona-may","tag-intrattenimento","tag-it","tag-italia","tag-italy","tag-patrick-stevens","tag-pechino-express","tag-tv"],"share_on_mastodon":{"url":"https:\/\/pubeurope.com\/@it\/116422100194739932","error":""},"_links":{"self":[{"href":"https:\/\/www.europesays.com\/it\/wp-json\/wp\/v2\/posts\/448289","targetHints":{"allow":["GET"]}}],"collection":[{"href":"https:\/\/www.europesays.com\/it\/wp-json\/wp\/v2\/posts"}],"about":[{"href":"https:\/\/www.europesays.com\/it\/wp-json\/wp\/v2\/types\/post"}],"author":[{"embeddable":true,"href":"https:\/\/www.europesays.com\/it\/wp-json\/wp\/v2\/users\/3"}],"replies":[{"embeddable":true,"href":"https:\/\/www.europesays.com\/it\/wp-json\/wp\/v2\/comments?post=448289"}],"version-history":[{"count":0,"href":"https:\/\/www.europesays.com\/it\/wp-json\/wp\/v2\/posts\/448289\/revisions"}],"wp:featuredmedia":[{"embeddable":true,"href":"https:\/\/www.europesays.com\/it\/wp-json\/wp\/v2\/media\/448290"}],"wp:attachment":[{"href":"https:\/\/www.europesays.com\/it\/wp-json\/wp\/v2\/media?parent=448289"}],"wp:term":[{"taxonomy":"category","embeddable":true,"href":"https:\/\/www.europesays.com\/it\/wp-json\/wp\/v2\/categories?post=448289"},{"taxonomy":"post_tag","embeddable":true,"href":"https:\/\/www.europesays.com\/it\/wp-json\/wp\/v2\/tags?post=448289"}],"curies":[{"name":"wp","href":"https:\/\/api.w.org\/{rel}","templated":true}]}}