{"id":448295,"date":"2026-04-17T21:12:17","date_gmt":"2026-04-17T21:12:17","guid":{"rendered":"https:\/\/www.europesays.com\/it\/448295\/"},"modified":"2026-04-17T21:12:17","modified_gmt":"2026-04-17T21:12:17","slug":"oscar-schmidt-morto-lutto-nel-basket-vinse-coppa-italia-con-caserta","status":"publish","type":"post","link":"https:\/\/www.europesays.com\/it\/448295\/","title":{"rendered":"Oscar Schmidt morto: lutto nel basket, vinse Coppa Italia con Caserta"},"content":{"rendered":"<p>                                L&#8217;ex stella brasiliana arriv\u00f2 in Italia nel 1982 con la Snaidero dove rest\u00f2 sino al &#8217;90 passando poi a Pavia. Era malato da tempo di un tumore al cervello. Verr\u00e0 ricordato come uno dei pi\u00f9 grandi realizzatori di sempre<\/p>\n<p>            <a class=\"image is-50x50\" href=\"https:\/\/www.gazzetta.it\/redazione\/massimo-oriani\/\" rel=\"nofollow noopener\" target=\"_blank\"><br \/>\n                <img decoding=\"async\" class=\"is-rounded\" src=\"https:\/\/www.europesays.com\/it\/wp-content\/uploads\/2025\/09\/1757977510_737_omino.png\" alt=\"Massimo Oriani\"\/><br \/>\n            <\/a><\/p>\n<p>Giornalista<\/p>\n<p>                    17 aprile 2026 (modifica alle 22:53)  &#8211; MILANO<\/p>\n<p class=\"paragraph\" spellcheck=\"true\">Se ne \u00e8 andato Oscar Schmidt, uno dei pi\u00f9 grandi realizzatori che il basket abbia mai conosciuto. Il brasiliano \u00e8 morto oggi a 68 anni, a Santana do Parna\u00edba, nell&#8217;area metropolitana di San Paolo, dopo essersi sentito male. La causa del decesso non \u00e8 stata resa nota ma l&#8217;ex stella di Caserta, dove arriv\u00f2 nel 1982, e Pavia, era malato da tempo per un tumore al cervello.  In un comunicato, la famiglia di Oscar ha espresso il proprio cordoglio e ricordato la sua carriera. La veglia funebre e la sepoltura saranno riservate ai familiari e agli amici pi\u00f9 stretti.<\/p>\n<p>        <img decoding=\"async\" loading=\"lazy\" alt=\"\" src=\"https:\/\/dimages2.gazzettaobjects.it\/files\/image_527_789_h\/uploads\/2026\/04\/17\/69e298758fe26.jpeg\" data-full-src=\"https:\/\/www.europesays.com\/it\/wp-content\/uploads\/2026\/04\/69e298758fe26.jpeg\"\/><\/p>\n<p>    comunicato\u2014 \u00a0<\/p>\n<p class=\"paragraph is-inline\" spellcheck=\"true\">&#8220;\u00c8 con profondo rimpianto che annunciamo la scomparsa di Oscar Schmidt, uno dei pi\u00f9 grandi nomi nella storia del basket mondiale e una figura di immenso valore umano e sportivo &#8211; si legge nel comunicato -. Per oltre 15 anni Oscar ha affrontato la sua battaglia contro un tumore al cervello con coraggio, dignit\u00e0 e resilienza, rimanendo un esempio di determinazione, generosit\u00e0 e amore per la vita&#8221;.\u00a0Conosciuto come &#8220;Mano Santa&#8221; e l&#8217;eterno numero 14 della nazionale brasiliana, \u00e8 stato una delle figure principali che hanno contribuito a diffondere il basket nel paese.  In cinque partecipazioni alle Olimpiadi \u2013 Mosca 1980, Los Angeles 1984, Seul 1988, Barcellona 1992 e Atlanta 1996 \u2013 ha segnato 1093 punti, diventando il miglior marcatore di tutti i tempi nella storia dei Giochi.  Oscar \u00e8 considerato uno dei migliori giocatori di sempre, ed \u00e8 stato inserito nella Hall of Fame della Fiba e in quella di Springfield.<\/p>\n<p>    inizi\u2014 \u00a0<\/p>\n<p class=\"paragraph is-inline\" spellcheck=\"true\">Nato nel 1958, il sogno di Oscar era quello di diventare un calciatore, ma a causa della sua altezza, pass\u00f2 al basket. A Brasilia, inizi\u00f2 alla Scuola Salesiana, sotto la guida dell&#8217;allenatore Zez\u00e3o, per poi passare all&#8217;Unidade Vizinhan\u00e7a Club.  Nel 1974, all&#8217;et\u00e0 di 16 anni, si trasfer\u00ec a San Paolo e inizi\u00f2 a giocare nella squadra giovanile del Palmeiras. Dopo essersi distinto, fu convocato nella nazionale giovanile brasiliana e, successivamente, in quella maggiore.\u00a0Attir\u00f2 l&#8217;attenzione dell&#8217;allenatore Claudio Mortari, che lo port\u00f2 al S\u00edrio. Nel 1979 vinse la Coppa Intercontinentale, il suo primo titolo importante. L&#8217;anno successivo partecip\u00f2 ai Giochi Olimpici di Mosca con la nazionale brasiliana, che si classific\u00f2 al quinto posto.\u00a0<\/p>\n<p>    caserta\u2014 \u00a0<\/p>\n<p class=\"paragraph is-inline\" spellcheck=\"true\">Nel 1982 fu il leggendario gm della Juvecaserta, Giancarlo Sarti, a portarlo in Italia, su segnalazione di Boscia Tanjevic. Intuizione geniale perch\u00e9 nel nostro campionato Oscar divenne un iradiddio, immarcabile. Gli bastava alzare le braccia, con quel rilascio rapido, la palla finiva la sua dolcissima corsa sempre in fondo alla retina. In 11 stagioni tra Caserta e Pavia realizz\u00f2 13.957 punti: nessuno straniero ha fatto meglio, solo Antonello Riva &#8211; nella classifica di tutti i tempi &#8211; gli sta davanti (ma ha giocato pi\u00f9 partite). Media nel campionato italiano: 34,6 punti per gara. Nel 1984 venne scelto al sesto giro dai New Jersey Nets ma decise che la Nba non faceva per lui. <a href=\"https:\/\/www.gazzetta.it\/Basket\/17-10-2022\/oscar-tumore-guarito-450675338658.shtml?intcmp=hyperlink-articolo-gazit\" target=\"_blank\" rel=\"nofollow noopener\">Nel 2022 aveva annunciato d&#8217;aver sconfitto il tumore al cervello<\/a> contro il quale combatteva da 11 anni. Nel 2023 torn\u00f2 a Caserta insieme a Tanjevic, con Enzo Esposito e Giorgio Glouchkov <a href=\"https:\/\/www.gazzetta.it\/basket-italiano\/01-02-2023\/oscar-juvecaserta-doncic-tanjevic-46031788319.shtml?intcmp=hyperlink-articolo-gazit\" target=\"_blank\" rel=\"nofollow noopener\">per partecipare alle riprese di &#8220;Scugnizzi per sempre&#8221;<\/a> la docuserie che la Tramp Limited stava girando a Caserta per raccontare la storia della Juvecaserta. Gli chiesero in chi si rivedeva: &#8220;Doncic, \u00e8 una cosa tremenda, destinato a essere il migliore di tutti i tempi. Ma anche Klay Thompson di Golden State, metterei i bambini a guardare il suo tiro&#8221;. La verit\u00e0 \u00e8 un&#8217;altra: i bambini dovrebbero metterli a guardare il suo di tiro. Perch\u00e9 la Mano Santa non sbagliava mai.<\/p>\n<p class=\"is-copyright\">\u00a9 RIPRODUZIONE RISERVATA<\/p>\n","protected":false},"excerpt":{"rendered":"L&#8217;ex stella brasiliana arriv\u00f2 in Italia nel 1982 con la Snaidero dove rest\u00f2 sino al &#8217;90 passando poi&hellip;\n","protected":false},"author":3,"featured_media":448296,"comment_status":"","ping_status":"","sticky":false,"template":"","format":"standard","meta":{"footnotes":"","_share_on_mastodon":"0"},"categories":[176],"tags":[1960,1262,788,1756,16363,1856,12840,1048,2094,2275,4296,7978,4421,14446,1251,251855,25936,251856,1302,1537,90,89,80403,2318,191764,251857,962,251854,382,651,251858,251859,652,8141,251860,1292,1326,245,244,1567,3971,1900,17292],"class_list":["post-448295","post","type-post","status-publish","format-standard","has-post-thumbnail","category-sport","tag-allenatore","tag-arrivo","tag-bambini","tag-basket","tag-brasiliana","tag-campionato","tag-caserta","tag-causa","tag-cervello","tag-comunicato","tag-conosciuto","tag-essersi","tag-giochi","tag-giovanile","tag-grandi","tag-grandi-realizzatori","tag-guardare","tag-guardare-tiro","tag-inizio","tag-it","tag-italia","tag-italy","tag-juvecaserta","tag-malato","tag-malato-tumore","tag-malato-tumore-cervello","tag-mano","tag-mano-santa","tag-mosca","tag-oscar","tag-oscar-schmidt","tag-oscar-schmidt-grandi","tag-paolo","tag-pavia","tag-pavia-malato","tag-punti","tag-santa","tag-sport","tag-sports","tag-storia","tag-tempi","tag-tumore","tag-tumore-cervello"],"share_on_mastodon":{"url":"","error":"Validation failed: Text character limit of 500 exceeded"},"_links":{"self":[{"href":"https:\/\/www.europesays.com\/it\/wp-json\/wp\/v2\/posts\/448295","targetHints":{"allow":["GET"]}}],"collection":[{"href":"https:\/\/www.europesays.com\/it\/wp-json\/wp\/v2\/posts"}],"about":[{"href":"https:\/\/www.europesays.com\/it\/wp-json\/wp\/v2\/types\/post"}],"author":[{"embeddable":true,"href":"https:\/\/www.europesays.com\/it\/wp-json\/wp\/v2\/users\/3"}],"replies":[{"embeddable":true,"href":"https:\/\/www.europesays.com\/it\/wp-json\/wp\/v2\/comments?post=448295"}],"version-history":[{"count":0,"href":"https:\/\/www.europesays.com\/it\/wp-json\/wp\/v2\/posts\/448295\/revisions"}],"wp:featuredmedia":[{"embeddable":true,"href":"https:\/\/www.europesays.com\/it\/wp-json\/wp\/v2\/media\/448296"}],"wp:attachment":[{"href":"https:\/\/www.europesays.com\/it\/wp-json\/wp\/v2\/media?parent=448295"}],"wp:term":[{"taxonomy":"category","embeddable":true,"href":"https:\/\/www.europesays.com\/it\/wp-json\/wp\/v2\/categories?post=448295"},{"taxonomy":"post_tag","embeddable":true,"href":"https:\/\/www.europesays.com\/it\/wp-json\/wp\/v2\/tags?post=448295"}],"curies":[{"name":"wp","href":"https:\/\/api.w.org\/{rel}","templated":true}]}}