{"id":448510,"date":"2026-04-18T00:10:13","date_gmt":"2026-04-18T00:10:13","guid":{"rendered":"https:\/\/www.europesays.com\/it\/448510\/"},"modified":"2026-04-18T00:10:13","modified_gmt":"2026-04-18T00:10:13","slug":"potrei-andare-in-giappone-a-verona-tornerei-nella-nazionale-ci-spero","status":"publish","type":"post","link":"https:\/\/www.europesays.com\/it\/448510\/","title":{"rendered":"Potrei andare in Giappone. A Verona tornerei, nella Nazionale ci spero"},"content":{"rendered":"<p><strong>Edoardo Caneschi \u00e8 stato l\u2019ospite dell\u2019ultima puntata di Volley Night, in onda sul canale Youtube di OA Sport. <\/strong>Il centrale della Powervolley Milano ha parlato della stagione appena conclusa e del futuro tra un 2026-2027 che potrebbe regalare sorprese e una estate che vorrebbe tingere di nuovo di azzurro.<\/p>\n<p><strong>Iniziamo dal presente<\/strong>: \u201cPer adesso c\u2019\u00e8 stato l\u2019atto conclusivo della Challenge Cup che ci ha risollevati. Nel complesso l\u2019annata \u00e8 stata triste per colpa dei tanti infortuni che ci hanno colpito e condizionato. Siamo partiti in salita, avevamo trovato un buon ritmo ma nel complesso \u00e8 stata travagliato. Ci siamo tolti comunque soddisfazioni e ce ne ricorderemo con piacere\u201d.<\/p>\n<p><strong>Nella serie playoff contro\u00a0Verona gli alti e bassi non sono mancati. Dopo un avvio complicato c\u2019\u00e8 stato un bel cambio di marcia<\/strong>: \u201cCosa \u00e8 cambiato? Abbiamo preso la convinzione che se riuscivamo ad infastidirli anche solo con una difesa in pi\u00f9, una ricezione o cose simili, potevamo cambiare marcia. In gara-1 avevamo sofferto molto in quei fondamentali, loro avevano imperversato. In gara-2 c\u2019eravamo compattati su quello e non c\u2019abbiamo creduto abbastanza. Magari sull\u20191-1 nella serie potevano cambiare le cose. Gara-3 non \u00e8 stata come gara-2 per\u00f2 \u00e8 iniziata sempre nella stessa maniera 2-0 poi 2-2 ma nel quinto siamo stati pi\u00f9 lucidi noi. Verona ora nella semifinale deve solo ritrovare un po\u2019 di tranquillit\u00e0 perch\u00e8 a livello fisico e tecnico hanno tutto\u201d.<\/p>\n<p><strong>Dal punto di vista personale, invece, Caneschi ha vissuto qualche momento non semplice:<\/strong> \u201cQuest\u2019anno \u00e8 stato molto difficile. Dal mio punto di vista ho sofferto un po\u2019 perch\u00e9 quando pensi di star facendo una bella stagione e ti aspetti riscontri di carriera per gli anni a venire. Quando c\u2019\u00e8 stato il periodo in cui si \u00e8 iniziato a parlare del prossimo anno e mi aspettavo alcune opzioni, quelle non sono arrivate. Ho perso fiducia in me stesso e sto ancora facendo fatica a ritrovarla. Si gioca sempre e non hai nemmeno tempo di fare reset. Bisogna sempre credere in s\u00e9 stessi\u201d.<\/p>\n<p><strong>Il ruolo di centrale \u00e8 particolare:<\/strong> \u201cCentrale da attacco o muro? Mi hanno sempre messo in una sorta di via di mezzo in questo aspetto. In questi ultimi anni sono cresciuto molto a livello di muro e di lettura. Mi piacciono entrambi ma faccio fatica ad andare alla battuta se non sto toccando palla da un po\u2019 di tempo. Sul rapporto centrale-palleggiatore, ovviamente molto ruota attorno ai nostri tempi. Se sei un attimo in ritardo ti sporcano l\u2019attacco\u201d.<\/p>\n<p><strong>La CEV Challenge Cup vinta?<\/strong> \u201cSicuramente una bella vittoria e un sollievo. Era un obiettivo che avevamo da inizio stagione e lo volevamo. Sapevamo che i rivali pi\u00f9 temibili erano i polacchi ed i turchi e fortunatamente li abbiamo affrontati prima della finali. Ci siamo arrivati in maniera pi\u00f9 tranquilla. Vincerla in casa \u00e8 stato bellissimo ed \u00e8 stato incredibile\u201d.\u00a0<\/p>\n<p><strong>La\u00a0Nazionale? Un sogno o una concreta realt\u00e0?<\/strong> \u201cIo cerco sempre di dare il massimo. Sicuramente \u00e8 pi\u00f9 complicato giocare dopo che sei fermo da un po\u2019. A livello di focus un mese di stop \u00e8 pesante ed \u00e8 molto pi\u00f9 complicato. Rammarico per non aver giocato meglio s\u00ec, c\u2019\u00e8. Io sono sempre stato bene nel gruppo. Vedremo se quest\u2019estate sar\u00f2 convocato, nel caso sar\u00f2 felicissimo\u201d.<\/p>\n<p><strong>Ultima battuta sul prossimo anno, con una sorpresa:<\/strong> \u201cMi vedo anche all\u2019estero, \u00e8 un\u2019esperienza che voglio fare. Un\u2019idea che mi \u00e8 passata per la testa e che potrebbe concludersi a buon fine pensando al Giappone con lo Shizuoka. Come ben sappiamo giocare in Italia \u00e8 pi\u00f9 semplice ed essere vicino a casa ha i suoi vantaggi. Verona? Citt\u00e0 della quale sono innamorato ci tornerei molto volentieri\u201d.\u00a0<\/p>\n<p><a href=\"https:\/\/www.youtube.com\/watch?v=Td3nfLVfdkc\" target=\"_blank\" rel=\"noopener nofollow\"><strong>CLICCA QUI PER VEDERE LA PUNTATA COMPLETA DI VOLLEY NIGHT<\/strong><\/a><\/p>\n","protected":false},"excerpt":{"rendered":"Edoardo Caneschi \u00e8 stato l\u2019ospite dell\u2019ultima puntata di Volley Night, in onda sul canale Youtube di OA Sport.&hellip;\n","protected":false},"author":3,"featured_media":448511,"comment_status":"","ping_status":"","sticky":false,"template":"","format":"standard","meta":{"footnotes":"","_share_on_mastodon":"0"},"categories":[1474],"tags":[112014,1537,90,89,245,244,1869],"class_list":["post-448510","post","type-post","status-publish","format-standard","has-post-thumbnail","category-volley","tag-edoardo-caneschi","tag-it","tag-italia","tag-italy","tag-sport","tag-sports","tag-volley"],"share_on_mastodon":{"url":"https:\/\/pubeurope.com\/@it\/116422811760465460","error":""},"_links":{"self":[{"href":"https:\/\/www.europesays.com\/it\/wp-json\/wp\/v2\/posts\/448510","targetHints":{"allow":["GET"]}}],"collection":[{"href":"https:\/\/www.europesays.com\/it\/wp-json\/wp\/v2\/posts"}],"about":[{"href":"https:\/\/www.europesays.com\/it\/wp-json\/wp\/v2\/types\/post"}],"author":[{"embeddable":true,"href":"https:\/\/www.europesays.com\/it\/wp-json\/wp\/v2\/users\/3"}],"replies":[{"embeddable":true,"href":"https:\/\/www.europesays.com\/it\/wp-json\/wp\/v2\/comments?post=448510"}],"version-history":[{"count":0,"href":"https:\/\/www.europesays.com\/it\/wp-json\/wp\/v2\/posts\/448510\/revisions"}],"wp:featuredmedia":[{"embeddable":true,"href":"https:\/\/www.europesays.com\/it\/wp-json\/wp\/v2\/media\/448511"}],"wp:attachment":[{"href":"https:\/\/www.europesays.com\/it\/wp-json\/wp\/v2\/media?parent=448510"}],"wp:term":[{"taxonomy":"category","embeddable":true,"href":"https:\/\/www.europesays.com\/it\/wp-json\/wp\/v2\/categories?post=448510"},{"taxonomy":"post_tag","embeddable":true,"href":"https:\/\/www.europesays.com\/it\/wp-json\/wp\/v2\/tags?post=448510"}],"curies":[{"name":"wp","href":"https:\/\/api.w.org\/{rel}","templated":true}]}}