{"id":449161,"date":"2026-04-18T09:56:20","date_gmt":"2026-04-18T09:56:20","guid":{"rendered":"https:\/\/www.europesays.com\/it\/449161\/"},"modified":"2026-04-18T09:56:20","modified_gmt":"2026-04-18T09:56:20","slug":"800-posti-di-lavoro-anche-per-il-reatino","status":"publish","type":"post","link":"https:\/\/www.europesays.com\/it\/449161\/","title":{"rendered":"800 posti di lavoro anche per il Reatino"},"content":{"rendered":"<p><a href=\"https:\/\/www.ilmessaggero.it\/t\/RIETI\" rel=\"nofollow noopener\" target=\"_blank\">RIETI<\/a> &#8211;\u00a0La riapertura dell\u2019ex Soratte <a href=\"https:\/\/www.ilmessaggero.it\/t\/outlet\" rel=\"nofollow noopener\" target=\"_blank\">outlet<\/a>, a <a href=\"https:\/\/www.ilmessaggero.it\/t\/sant&#039;oreste\" rel=\"nofollow noopener\" target=\"_blank\">Sant\u2019Oreste<\/a>, e futuro Roma outlet village alla fine di ottobre. Fisicamente nella Sabina romana, ma con importanti ricadute per il lavoro anche nel confinante Reatino.<\/p>\n<p><strong>Le prerogative.<\/strong> Saranno aperti, a fine ottobre, 90 dei 150 punti vendita previsti a pieno regime, dal piano di rilancio della Stilo immobiliare finanziaria, societ\u00e0 del gruppo Percassi, che attraverso la controllata Arcus real estate sta lavorando al rilancio del sito. I punti vendita si estenderanno su un primo lotto da 21mila metri quadrati, al cui interno sorgeranno anche 6 aree food. Nei 12 mesi successivi l\u2019outlet raggiunger\u00e0 il suo completamento, con l\u2019apertura di altri 60 negozi, per un totale di 150 attivit\u00e0 su 32mila metri quadrati.<\/p>\n<p><strong>Le prospettive.<\/strong> Tra inserimenti diretti e indotto, l\u2019outlet creer\u00e0 800 nuovi posti di lavoro, la maggioranza assorbiti dal tessuto locale in cui, la confinante provincia di Rieti avr\u00e0 un ruolo da protagonista, come fu gi\u00e0 nel decennio 2008-2018, data di nascita e di chiusura dell\u2019ex Soratte outlet, che rappresent\u00f2 una concreta opportunit\u00e0 occupazionale per tanti residenti della Sabina, da Collevecchio a Poggio Mirteto. \u00abAbbiamo scelto di investire in questa area per la sua posizione strategica e il potenziale di attrazione sia del mercato locale sia dei flussi turistici da e verso Roma &#8211; ha osservato, alla presentazione, Luca Nasi, general manager di Arcus real estate. &#8211; La combinazione di accessibilit\u00e0, visibilit\u00e0 e bacino di utenza rappresenta un\u2019opportunit\u00e0 unica per creare una destinazione retail di qualit\u00e0, in grado di valorizzare i brand e generare un impatto positivo per il territorio. A oggi, abbiamo gi\u00e0 allocato il 65% degli spazi destinati ad accogliere un mix diversificato di brand di fascia premium, affiancati da un\u2019offerta food &amp; beverage pensata per valorizzare le eccellenze del territorio\u00bb. Nei piani degli sviluppatori, c\u2019\u00e8 anche l\u2019idea di offrire all\u2019imprenditoria locale una reale opportunit\u00e0 di sviluppo. Prova ne \u00e8 la firma di un ristoratore del territorio, che porter\u00e0 nel nuovo centro commerciale le tradizioni culinarie della Sabina. L\u2019intervento del gruppo Percassi lungo le sponde del Tevere avr\u00e0 un valore complessivo di circa 100 milioni di euro.<\/p>\n<p>&#13;<br \/>\n                                \u00a9 RIPRODUZIONE RISERVATA&#13;<\/p>\n<p>&#13;<\/p>\n<p>\n                            Gli eventi del fine settimana, ogni gioved\u00ec<br \/>\n                            <b>Iscriviti<\/b> e ricevi le notizie via email\n                        <\/p>\n","protected":false},"excerpt":{"rendered":"RIETI &#8211;\u00a0La riapertura dell\u2019ex Soratte outlet, a Sant\u2019Oreste, e futuro Roma outlet village alla fine di ottobre. Fisicamente&hellip;\n","protected":false},"author":3,"featured_media":449162,"comment_status":"","ping_status":"","sticky":false,"template":"","format":"standard","meta":{"footnotes":"","_share_on_mastodon":"0"},"categories":[172],"tags":[178,177,1537,90,89,190,84942,26772,2869],"class_list":["post-449161","post","type-post","status-publish","format-standard","has-post-thumbnail","category-affari","tag-affari","tag-business","tag-it","tag-italia","tag-italy","tag-lavoro","tag-outlet","tag-rieti","tag-sant"],"share_on_mastodon":{"url":"https:\/\/pubeurope.com\/@it\/116425116049572633","error":""},"_links":{"self":[{"href":"https:\/\/www.europesays.com\/it\/wp-json\/wp\/v2\/posts\/449161","targetHints":{"allow":["GET"]}}],"collection":[{"href":"https:\/\/www.europesays.com\/it\/wp-json\/wp\/v2\/posts"}],"about":[{"href":"https:\/\/www.europesays.com\/it\/wp-json\/wp\/v2\/types\/post"}],"author":[{"embeddable":true,"href":"https:\/\/www.europesays.com\/it\/wp-json\/wp\/v2\/users\/3"}],"replies":[{"embeddable":true,"href":"https:\/\/www.europesays.com\/it\/wp-json\/wp\/v2\/comments?post=449161"}],"version-history":[{"count":0,"href":"https:\/\/www.europesays.com\/it\/wp-json\/wp\/v2\/posts\/449161\/revisions"}],"wp:featuredmedia":[{"embeddable":true,"href":"https:\/\/www.europesays.com\/it\/wp-json\/wp\/v2\/media\/449162"}],"wp:attachment":[{"href":"https:\/\/www.europesays.com\/it\/wp-json\/wp\/v2\/media?parent=449161"}],"wp:term":[{"taxonomy":"category","embeddable":true,"href":"https:\/\/www.europesays.com\/it\/wp-json\/wp\/v2\/categories?post=449161"},{"taxonomy":"post_tag","embeddable":true,"href":"https:\/\/www.europesays.com\/it\/wp-json\/wp\/v2\/tags?post=449161"}],"curies":[{"name":"wp","href":"https:\/\/api.w.org\/{rel}","templated":true}]}}