{"id":449393,"date":"2026-04-18T13:17:23","date_gmt":"2026-04-18T13:17:23","guid":{"rendered":"https:\/\/www.europesays.com\/it\/449393\/"},"modified":"2026-04-18T13:17:23","modified_gmt":"2026-04-18T13:17:23","slug":"ufficiale-larrivo-di-benedetta-bartolini","status":"publish","type":"post","link":"https:\/\/www.europesays.com\/it\/449393\/","title":{"rendered":"ufficiale l&#8217;arrivo di Benedetta Bartolini"},"content":{"rendered":"<p>La nuova stagione della Igor Volley parte dal centro della rete. Il club azzurro ha ufficializzato l&#8217;ingaggio di Benedetta Bartolini, primo volto nuovo del roster 2026-2027. La giocatrice, toscana di Cecina e classe 1999, arriva dall&#8217;esperienza con Perugia e ha firmato un contratto biennale che la legher\u00e0 alla societ\u00e0 novarese fino al giugno 2027.<\/p>\n<p>&#8220;Abbiamo scelto di completare il reparto centrali con un&#8217;atleta ancora giovane, dunque con margini di crescita, ma al contempo sufficientemente esperta nella categoria &#8211; ha spiegato il direttore generale della Igor Enrico Marchioni -. Nel tempo abbiamo apprezzato Benedetta da avversaria, conosciamo la sua attitudine e la sua grinta e sono certo che i suoi valori, umani e sportivi, saranno senz&#8217;altro utili alla causa nel corso della stagione&#8221;.<\/p>\n<p>Una carriera tra serie A1 e successi internazionali<\/p>\n<p>Nonostante la giovane et\u00e0, Bartolini porta a Novara un bagaglio di nove stagioni vissute tra i professionisti. Il suo percorso nel volley di alto livello \u00e8 iniziato nel vivaio del Volleyr\u00f2 Roma, per poi debuttare in serie A2 a Olbia nel campionato 2017-2018. Successivamente ha vestito per tre anni la maglia di Montecchio, consolidando il proprio ruolo nella categoria cadetta prima del salto nel massimo campionato.<\/p>\n<p>Il debutto in serie A1 \u00e8 avvenuto nella stagione 2021-2022 con Scandicci, annata impreziosita dalla conquista della Challenge Cup. Dopo l&#8217;esperienza in Toscana, la centrale si \u00e8 trasferita a Perugia, dove ha militato per quattro stagioni, tre delle quali disputate nella massima serie. Nel 2023-2024 ha conquistato la &#8220;doppietta&#8221; con la Coppa Italia di A2 e la promozione in A1.<\/p>\n<p>&#8220;Sono felice, non vedo l&#8217;ora di diventare parte di un club e di una squadra che rispetto e che \u00e8 al top in Italia e in Europa &#8211; ha commentato Bartolini -. Ho giocato spesso al Pala Igor da avversaria e ho apprezzato l&#8217;atmosfera, non sto nella pelle all&#8217;idea di viverlo da protagonista. Sono felice che ci siano tante atlete confermate, perch\u00e9 questo faciliter\u00e0 senz&#8217;altro l&#8217;inserimento di noi nuove, e per me sar\u00e0 bellissimo lavorare con Bonifacio e Squarcini, giocatrici di caratura internazionale che ho conosciuto da avversaria, che apprezzo molto e da cui potr\u00f2 imparare tanto. Da parte mia, sono pronta a mettere la mia seriet\u00e0, la grinta e l&#8217;entusiasmo al servizio della causa&#8221;.<\/p>\n<p style=\"text-align:center;\">Continua a leggere su<a href=\"https:\/\/www.novaratoday.it\/\" rel=\"nofollow noopener\" target=\"_blank\"> NovaraToday<\/a><br \/>Seguici anche su <a href=\"https:\/\/www.facebook.com\/NovaraToday\" rel=\"nofollow noopener\" target=\"_blank\">Facebook<\/a> e sul nostro <a href=\"https:\/\/whatsapp.com\/channel\/0029VaJT53w3GJOx508Djf12\" rel=\"nofollow noopener\" target=\"_blank\">canale WhatsApp<\/a><\/p>\n<p>         &#13;<br \/>\n  &#13;<br \/>\n    &#13;<br \/>\n      &#13;<br \/>\n    &#13;<br \/>\n    <strong>2<\/strong> minuti di lettura   &#13;<\/p>\n","protected":false},"excerpt":{"rendered":"La nuova stagione della Igor Volley parte dal centro della rete. Il club azzurro ha ufficializzato l&#8217;ingaggio di&hellip;\n","protected":false},"author":3,"featured_media":449394,"comment_status":"","ping_status":"","sticky":false,"template":"","format":"standard","meta":{"footnotes":"","_share_on_mastodon":"0"},"categories":[1474],"tags":[245592,1537,90,89,15952,18406,245,244,1869],"class_list":["post-449393","post","type-post","status-publish","format-standard","has-post-thumbnail","category-volley","tag-igor-volley","tag-it","tag-italia","tag-italy","tag-pallavolo-femminile","tag-serie-a1","tag-sport","tag-sports","tag-volley"],"share_on_mastodon":{"url":"https:\/\/pubeurope.com\/@it\/116425906383080580","error":""},"_links":{"self":[{"href":"https:\/\/www.europesays.com\/it\/wp-json\/wp\/v2\/posts\/449393","targetHints":{"allow":["GET"]}}],"collection":[{"href":"https:\/\/www.europesays.com\/it\/wp-json\/wp\/v2\/posts"}],"about":[{"href":"https:\/\/www.europesays.com\/it\/wp-json\/wp\/v2\/types\/post"}],"author":[{"embeddable":true,"href":"https:\/\/www.europesays.com\/it\/wp-json\/wp\/v2\/users\/3"}],"replies":[{"embeddable":true,"href":"https:\/\/www.europesays.com\/it\/wp-json\/wp\/v2\/comments?post=449393"}],"version-history":[{"count":0,"href":"https:\/\/www.europesays.com\/it\/wp-json\/wp\/v2\/posts\/449393\/revisions"}],"wp:featuredmedia":[{"embeddable":true,"href":"https:\/\/www.europesays.com\/it\/wp-json\/wp\/v2\/media\/449394"}],"wp:attachment":[{"href":"https:\/\/www.europesays.com\/it\/wp-json\/wp\/v2\/media?parent=449393"}],"wp:term":[{"taxonomy":"category","embeddable":true,"href":"https:\/\/www.europesays.com\/it\/wp-json\/wp\/v2\/categories?post=449393"},{"taxonomy":"post_tag","embeddable":true,"href":"https:\/\/www.europesays.com\/it\/wp-json\/wp\/v2\/tags?post=449393"}],"curies":[{"name":"wp","href":"https:\/\/api.w.org\/{rel}","templated":true}]}}