{"id":449601,"date":"2026-04-18T16:10:25","date_gmt":"2026-04-18T16:10:25","guid":{"rendered":"https:\/\/www.europesays.com\/it\/449601\/"},"modified":"2026-04-18T16:10:25","modified_gmt":"2026-04-18T16:10:25","slug":"salus-seregno-de-rosa-un-altro-weekend-a-tutto-gas-tra-crono-strade-bianche-e-gare-nazionali","status":"publish","type":"post","link":"https:\/\/www.europesays.com\/it\/449601\/","title":{"rendered":"SALUS SEREGNO DE ROSA. UN ALTRO WEEKEND A TUTTO GAS TRA CRONO, STRADE BIANCHE E GARE NAZIONALI"},"content":{"rendered":"<p>            <a class=\"category\" href=\"https:\/\/www.tuttobiciweb.it\/articles\/category\/GIOVANI\" itemprop=\"about\" rel=\"nofollow noopener\" target=\"_blank\">GIOVANI<\/a> | 18\/04\/2026 | 11:20<\/p>\n<p>Fine settimana intenso per la <strong>Salus Seregno De Rosa<\/strong>, impegnata su pi\u00f9 fronti in Lombardia e nel Nord Italia. Gi\u00e0 stamane la societ\u00e0 brianzola \u00e8 protagonista a <strong style=\"white-space: pre-wrap;\">Gussola<\/strong>, nel Cremonese, dove si disputano le cronometro valide anche per l\u2019assegnazione del <strong style=\"white-space: pre-wrap;\">titolo lombardo allievi<\/strong>. Al via le <strong style=\"white-space: pre-wrap;\">donne esordienti<\/strong> Carolina Testa e Camilla Vergani, mentre gli <strong style=\"white-space: pre-wrap;\">allievi<\/strong> guidati da Stefano Ferrone proveranno a giocarsi le proprie carte nella prova contro il tempo. Domani, sempre a Gussola, toccher\u00e0 invece alle ragazze di <strong style=\"white-space: pre-wrap;\">Samuel Testa<\/strong> impegnate nella <strong style=\"white-space: pre-wrap;\">Coppa Strade Bianche<\/strong>.\n            <\/p>\n<p>Il programma del weekend prevede inoltre la presenza degli <strong>juniores<\/strong> su due fronti: una selezione sar\u00e0 al via della <strong>gara nazionale di Rezzato<\/strong>, il <strong>Trofeo Protech<\/strong>, in programma domani 19 aprile sulla distanza di 122 km con partenza alle 11.30; una seconda rappresentativa affronter\u00e0 invece la competizione di <strong>Sant\u2019Anna di Ros\u00e0<\/strong>, nel Vicentino.\n            <\/p>\n<p>Gli <strong style=\"white-space: pre-wrap;\">allievi<\/strong> andranno a caccia del risultato a <strong style=\"white-space: pre-wrap;\">Cassano Magnago<\/strong> (Varese) nella prima edizione del <strong style=\"white-space: pre-wrap;\">Trofeo Ferruccio Franchi<\/strong>, mentre gli <strong style=\"white-space: pre-wrap;\">esordienti<\/strong> saranno impegnati a <strong style=\"white-space: pre-wrap;\">Bulciago (LC)<\/strong> nel tradizionale <strong style=\"white-space: pre-wrap;\">Gran Premio Gaetano e Mario Arrigoni<\/strong>.<\/p>\n<p>Copyright &amp;copy TBW<\/p>\n","protected":false},"excerpt":{"rendered":"GIOVANI | 18\/04\/2026 | 11:20 Fine settimana intenso per la Salus Seregno De Rosa, impegnata su pi\u00f9 fronti&hellip;\n","protected":false},"author":3,"featured_media":449602,"comment_status":"","ping_status":"","sticky":false,"template":"","format":"standard","meta":{"footnotes":"","_share_on_mastodon":"0"},"categories":[1456],"tags":[9636,1824,1825,50860,1537,90,89,7720,242061,245,244],"class_list":["post-449601","post","type-post","status-publish","format-standard","has-post-thumbnail","category-ciclismo","tag-allievi","tag-ciclismo","tag-cycling","tag-esordienti","tag-it","tag-italia","tag-italy","tag-juniores","tag-salus-seregno-de-rosa","tag-sport","tag-sports"],"share_on_mastodon":{"url":"https:\/\/pubeurope.com\/@it\/116426586573928606","error":""},"_links":{"self":[{"href":"https:\/\/www.europesays.com\/it\/wp-json\/wp\/v2\/posts\/449601","targetHints":{"allow":["GET"]}}],"collection":[{"href":"https:\/\/www.europesays.com\/it\/wp-json\/wp\/v2\/posts"}],"about":[{"href":"https:\/\/www.europesays.com\/it\/wp-json\/wp\/v2\/types\/post"}],"author":[{"embeddable":true,"href":"https:\/\/www.europesays.com\/it\/wp-json\/wp\/v2\/users\/3"}],"replies":[{"embeddable":true,"href":"https:\/\/www.europesays.com\/it\/wp-json\/wp\/v2\/comments?post=449601"}],"version-history":[{"count":0,"href":"https:\/\/www.europesays.com\/it\/wp-json\/wp\/v2\/posts\/449601\/revisions"}],"wp:featuredmedia":[{"embeddable":true,"href":"https:\/\/www.europesays.com\/it\/wp-json\/wp\/v2\/media\/449602"}],"wp:attachment":[{"href":"https:\/\/www.europesays.com\/it\/wp-json\/wp\/v2\/media?parent=449601"}],"wp:term":[{"taxonomy":"category","embeddable":true,"href":"https:\/\/www.europesays.com\/it\/wp-json\/wp\/v2\/categories?post=449601"},{"taxonomy":"post_tag","embeddable":true,"href":"https:\/\/www.europesays.com\/it\/wp-json\/wp\/v2\/tags?post=449601"}],"curies":[{"name":"wp","href":"https:\/\/api.w.org\/{rel}","templated":true}]}}