{"id":449804,"date":"2026-04-18T19:12:44","date_gmt":"2026-04-18T19:12:44","guid":{"rendered":"https:\/\/www.europesays.com\/it\/449804\/"},"modified":"2026-04-18T19:12:44","modified_gmt":"2026-04-18T19:12:44","slug":"tassi-di-vaccinazione-troppo-bassi-qui-e-una-polveriera-allarme-morbillo-casi-fuori-controllo-in-romania","status":"publish","type":"post","link":"https:\/\/www.europesays.com\/it\/449804\/","title":{"rendered":"\u00abTassi di vaccinazione troppo bassi, qui \u00e8 una polveriera\u00bb. Allarme morbillo, casi fuori controllo in Romania"},"content":{"rendered":"<p>Negli ospedali rumeni oggi i reparti sono pi\u00f9 vuoti rispetto a un anno fa. Ma non \u00e8 una buona notizia. \u00c8 una pausa. Dopo oltre 35.000 casi tra il 2023 e il 2025, <strong>il morbillo non \u00e8 scomparso<\/strong>: si \u00e8 solo ritirato, pronto a tornare. \u00abFinch\u00e9 i tassi di vaccinazione restano bassi, \u00e8 una polveriera\u00bb, <a href=\"https:\/\/www.theguardian.com\/world\/2026\/apr\/18\/romania-eu-measles-cases-vaccination-rates-collapse\" target=\"_blank\" rel=\"nofollow noopener\">avverte la dottoressa Mirela Csabai, interpellata dal Guardian<\/a>. \u00abQuando un\u2019epidemia inizia, \u00e8 gi\u00e0 troppo tardi per vaccinare. Bisogna agire prima\u00bb.<\/p>\n<p>  <img decoding=\"async\" src=\"https:\/\/www.europesays.com\/it\/wp-content\/uploads\/2026\/04\/4c3fc4eeb85bb7a8f0bf3384e8d9eae8b66b695898a770a95a37eea8ae084517.jpg\"\/>              <\/p>\n","protected":false},"excerpt":{"rendered":"Negli ospedali rumeni oggi i reparti sono pi\u00f9 vuoti rispetto a un anno fa. Ma non \u00e8 una&hellip;\n","protected":false},"author":3,"featured_media":449805,"comment_status":"","ping_status":"","sticky":false,"template":"","format":"standard","meta":{"footnotes":"","_share_on_mastodon":"0"},"categories":[175],"tags":[44950,239,1537,90,89,3977,252444,41862,240,243],"class_list":["post-449804","post","type-post","status-publish","format-standard","has-post-thumbnail","category-salute","tag-guardian","tag-health","tag-it","tag-italia","tag-italy","tag-morbillo","tag-morbillo-romania","tag-romania","tag-salute","tag-ultima-ora"],"share_on_mastodon":{"url":"https:\/\/pubeurope.com\/@it\/116427303239360507","error":""},"_links":{"self":[{"href":"https:\/\/www.europesays.com\/it\/wp-json\/wp\/v2\/posts\/449804","targetHints":{"allow":["GET"]}}],"collection":[{"href":"https:\/\/www.europesays.com\/it\/wp-json\/wp\/v2\/posts"}],"about":[{"href":"https:\/\/www.europesays.com\/it\/wp-json\/wp\/v2\/types\/post"}],"author":[{"embeddable":true,"href":"https:\/\/www.europesays.com\/it\/wp-json\/wp\/v2\/users\/3"}],"replies":[{"embeddable":true,"href":"https:\/\/www.europesays.com\/it\/wp-json\/wp\/v2\/comments?post=449804"}],"version-history":[{"count":0,"href":"https:\/\/www.europesays.com\/it\/wp-json\/wp\/v2\/posts\/449804\/revisions"}],"wp:featuredmedia":[{"embeddable":true,"href":"https:\/\/www.europesays.com\/it\/wp-json\/wp\/v2\/media\/449805"}],"wp:attachment":[{"href":"https:\/\/www.europesays.com\/it\/wp-json\/wp\/v2\/media?parent=449804"}],"wp:term":[{"taxonomy":"category","embeddable":true,"href":"https:\/\/www.europesays.com\/it\/wp-json\/wp\/v2\/categories?post=449804"},{"taxonomy":"post_tag","embeddable":true,"href":"https:\/\/www.europesays.com\/it\/wp-json\/wp\/v2\/tags?post=449804"}],"curies":[{"name":"wp","href":"https:\/\/api.w.org\/{rel}","templated":true}]}}