{"id":449901,"date":"2026-04-18T20:35:18","date_gmt":"2026-04-18T20:35:18","guid":{"rendered":"https:\/\/www.europesays.com\/it\/449901\/"},"modified":"2026-04-18T20:35:18","modified_gmt":"2026-04-18T20:35:18","slug":"capelli-rossi-un-vantaggio-evolutivo-il-segreto-della-vitamina-d-del-gene-favorito-dalla-selezione-naturale-negli-ultimi-10-000-anni","status":"publish","type":"post","link":"https:\/\/www.europesays.com\/it\/449901\/","title":{"rendered":"\u00abCapelli rossi? Un vantaggio evolutivo\u00bb. Il segreto della vitamina D del gene favorito dalla selezione naturale negli ultimi 10.000 anni"},"content":{"rendered":"<p>\n                            Il punto sui temi di attualit\u00e0, ogni luned\u00ec<br \/>\n                            <b>Iscriviti<\/b> e ricevi le notizie via email\n                        <\/p>\n<p>Chi ha i <strong><a href=\"https:\/\/www.ilmessaggero.it\/t\/capelli-rossi\" rel=\"nofollow noopener\" target=\"_blank\">capelli rossi<\/a><\/strong>, spesso bersaglio di stereotipi e luoghi comuni, potrebbe avere dalla sua un inaspettato <strong>primato evolutivo<\/strong>. Un vasto <strong>studio genetico<\/strong>\u00a0&#8211; pubblicato su Nature &#8211; ha infatti rivelato che, in Europa, il <strong><a href=\"https:\/\/www.ilmessaggero.it\/t\/gene\" rel=\"nofollow noopener\" target=\"_blank\">gene<\/a><\/strong> associato ai capelli rossi \u00e8 stato oggetto di selezione naturale per oltre 10.000 anni, consolidandosi progressivamente nella <strong>popolazione<\/strong>.<\/p>\n<p>La ricerca, che non mirava direttamente a spiegare l\u2019origine di questo tratto, si \u00e8 inserita in un dibattito pi\u00f9 ampio: capire se l\u2019<strong>evoluzione umana<\/strong> si sia arrestata dopo la rivoluzione agricola. Analizzando il <a href=\"https:\/\/www.ilmessaggero.it\/t\/dna\" rel=\"nofollow noopener\" target=\"_blank\">Dna<\/a>\u00a0di quasi 16.000 resti umani antichi e di oltre 6.000 individui contemporanei, gli scienziati hanno fornito prove solide del contrario: l\u2019<strong>evoluzione biologica<\/strong> ha continuato a operare con intensit\u00e0 significativa.<\/p>\n<p>Capelli rossi, un vantaggio evolutivo<\/p>\n<p>Nel dettaglio, i ricercatori hanno individuato <strong>479 varianti genetiche<\/strong> che sembrano essere state favorite nel corso del tempo. Tra queste figurano non solo i geni legati ai capelli rossi e alla <strong>pelle chiara<\/strong>, ma anche quelli associati alla predisposizione alla <strong><a href=\"https:\/\/www.ilmessaggero.it\/t\/celiachia\" rel=\"nofollow noopener\" target=\"_blank\">celiachia<\/a><\/strong> e varianti che riducono il rischio di <strong><a href=\"https:\/\/www.ilmessaggero.it\/t\/diabete\" rel=\"nofollow noopener\" target=\"_blank\">diabete<\/a><\/strong>, <strong><a href=\"https:\/\/www.ilmessaggero.it\/t\/calvizie\" rel=\"nofollow noopener\" target=\"_blank\">calvizie<\/a><\/strong> e <strong>artrite reumatoide<\/strong>.<\/p>\n<p>Lo studio<\/p>\n<p>Secondo gli studiosi, i vantaggi evolutivi potrebbero non essere sempre diretti o immediatamente evidenti. \u00abForse avere i capelli rossi era vantaggioso 4.000 anni fa, oppure questa caratteristica si \u00e8 diffusa insieme ad altre pi\u00f9 rilevanti\u00bb, spiegano. Tuttavia, ricerche precedenti suggeriscono che pelle chiara e capelli rossi favoriscano una produzione pi\u00f9 efficiente di <strong><a href=\"https:\/\/www.ilmessaggero.it\/t\/vitamina-d\" rel=\"nofollow noopener\" target=\"_blank\">vitamina D<\/a><\/strong>, un vantaggio cruciale nelle regioni settentrionali con scarsa esposizione solare.<\/p>\n<p>Fino a oggi, erano stati documentati solo una ventina di casi di tratti genetici amplificati dalla selezione naturale, come la capacit\u00e0 di digerire il lattosio in et\u00e0 adulta. Questa scarsit\u00e0 aveva portato molti scienziati a ritenere che la selezione direzionale fosse stata relativamente rara negli ultimi 300.000 anni.<\/p>\n<p>Il nuovo studio ribalta questa visione. Grazie a un numero senza precedenti di <strong>campioni di Dna<\/strong> antico e a tecniche computazionali avanzate, emerge che la selezione ha modellato centinaia di geni nell\u2019Eurasia occidentale, accelerando soprattutto dopo il passaggio da societ\u00e0 di cacciatori-raccoglitori a comunit\u00e0 agricole.<\/p>\n<p>La selezione naturale<\/p>\n<p>\u00abPossiamo finalmente osservare quasi in tempo reale come la selezione naturale abbia plasmato la biologia umana\u00bb, ha dichiarato il dottor Ali Akbari, primo autore dello studio presso l\u2019Universit\u00e0 di Harvard.<\/p>\n<p>Alcuni risultati appaiono intuitivi:<strong> la diffusione di geni per pelle chiara e capelli rossi sarebbe legata alla necessit\u00e0 di sintetizzare pi\u00f9 vitamina D<\/strong> in contesti poveri di luce e con diete agricole carenti. <\/p>\n<p>Altri dati, invece, risultano pi\u00f9 complessi. Una mutazione associata alla celiachia, comparsa circa 4.000 anni fa, \u00e8 diventata sempre pi\u00f9 frequente, suggerendo possibili vantaggi nascosti nonostante il rischio di malattia.<\/p>\n<p>Analogamente, una variante del <strong>gene immunitario TYK2<\/strong>, che aumenta la suscettibilit\u00e0 alla <strong><a href=\"https:\/\/www.ilmessaggero.it\/t\/tubercolosi\" rel=\"nofollow noopener\" target=\"_blank\">tubercolosi<\/a><\/strong>, ha registrato un incremento per millenni prima di diminuire. Una possibile spiegazione \u00e8 che tali geni abbiano offerto protezione contro specifici agenti patogeni in determinati periodi storici.<\/p>\n<p>Le combinazioni genetiche<\/p>\n<p>Lo studio evidenzia anche una selezione negativa verso combinazioni genetiche che favoriscono un\u2019elevata percentuale di grasso corporeo. Questo dato mette in discussione l\u2019ipotesi dei <strong>\u201cgeni parsimoniosi\u201d<\/strong>, suggerendo che un tempo vantaggiosi per sopravvivere alle carestie, questi tratti siano diventati meno utili con la stabilit\u00e0 alimentare garantita dall\u2019agricoltura.<\/p>\n<p>\u00abQuesto lavoro ci permette di collocare nello spazio e nel tempo le forze evolutive che hanno plasmato la nostra specie\u00bb, ha concluso il professor David Reich della <strong>Harvard Medical School<\/strong>.<\/p>\n<p>La ricerca si concentra sull\u2019Eurasia occidentale e non chiarisce se le stesse dinamiche siano valide su scala globale. Un punto, per\u00f2, \u00e8 certo: l\u2019evoluzione umana \u00e8 tutt\u2019altro che finita. E i capelli rossi, a quanto pare, ne sono una prova tangibile.<\/p>\n<p>&#13;<br \/>\n                            \u00a9 RIPRODUZIONE RISERVATA&#13;<\/p>\n<p>&#13;<\/p>\n","protected":false},"excerpt":{"rendered":"Il punto sui temi di attualit\u00e0, ogni luned\u00ec Iscriviti e ricevi le notizie via email Chi ha i&hellip;\n","protected":false},"author":3,"featured_media":449902,"comment_status":"","ping_status":"","sticky":false,"template":"","format":"standard","meta":{"footnotes":"","_share_on_mastodon":"0"},"categories":[175],"tags":[3056,31559,19830,239,1537,90,89,240,252482],"class_list":["post-449901","post","type-post","status-publish","format-standard","has-post-thumbnail","category-salute","tag-capelli-rossi","tag-darwin","tag-evoluzione","tag-health","tag-it","tag-italia","tag-italy","tag-salute","tag-selezione-naturale"],"share_on_mastodon":{"url":"https:\/\/pubeurope.com\/@it\/116427628579345841","error":""},"_links":{"self":[{"href":"https:\/\/www.europesays.com\/it\/wp-json\/wp\/v2\/posts\/449901","targetHints":{"allow":["GET"]}}],"collection":[{"href":"https:\/\/www.europesays.com\/it\/wp-json\/wp\/v2\/posts"}],"about":[{"href":"https:\/\/www.europesays.com\/it\/wp-json\/wp\/v2\/types\/post"}],"author":[{"embeddable":true,"href":"https:\/\/www.europesays.com\/it\/wp-json\/wp\/v2\/users\/3"}],"replies":[{"embeddable":true,"href":"https:\/\/www.europesays.com\/it\/wp-json\/wp\/v2\/comments?post=449901"}],"version-history":[{"count":0,"href":"https:\/\/www.europesays.com\/it\/wp-json\/wp\/v2\/posts\/449901\/revisions"}],"wp:featuredmedia":[{"embeddable":true,"href":"https:\/\/www.europesays.com\/it\/wp-json\/wp\/v2\/media\/449902"}],"wp:attachment":[{"href":"https:\/\/www.europesays.com\/it\/wp-json\/wp\/v2\/media?parent=449901"}],"wp:term":[{"taxonomy":"category","embeddable":true,"href":"https:\/\/www.europesays.com\/it\/wp-json\/wp\/v2\/categories?post=449901"},{"taxonomy":"post_tag","embeddable":true,"href":"https:\/\/www.europesays.com\/it\/wp-json\/wp\/v2\/tags?post=449901"}],"curies":[{"name":"wp","href":"https:\/\/api.w.org\/{rel}","templated":true}]}}