{"id":450439,"date":"2026-04-19T05:22:15","date_gmt":"2026-04-19T05:22:15","guid":{"rendered":"https:\/\/www.europesays.com\/it\/450439\/"},"modified":"2026-04-19T05:22:15","modified_gmt":"2026-04-19T05:22:15","slug":"dl-sicurezza-incentivi-ad-avvocati-per-rimpatri-consiglio-nazionale-forense-si-dissocia","status":"publish","type":"post","link":"https:\/\/www.europesays.com\/it\/450439\/","title":{"rendered":"Dl Sicurezza, incentivi ad avvocati per rimpatri. Consiglio nazionale forense si dissocia"},"content":{"rendered":"<p>Venerd\u00ec 17 aprile l&#8217;aula del <a data-intcmp=\"skytg24_foglia articolo_interlink_text\" href=\"https:\/\/tg24.sky.it\/politica\/2026\/04\/17\/dl-sicurezza-approvazione-senato\" target=\"_self\" rel=\"nofollow noopener\">Senato ha approvato il decreto sicurezza<\/a> che ora passa alla Camera con tempi stretti. Tra le novit\u00e0 inserite c\u2019\u00e8 un emendamento della maggioranza che una prevede una \u201cspinta\u201d ai rimpatri\u00a0volontari assistiti dei migranti. Per incentivarli si \u00e8 pensato a un compenso per l&#8217;avvocato che offre consulenza legale e informazioni al migrante interessato. La norma ha provocato dure critiche dalle opposizioni, mentre il Consiglio nazionale forense si \u00e8 dissociato chiedendo modifiche a Montecitorio.<\/p>\n<p>\t\t \tLa novit\u00e0<\/p>\n<p>Secondo l\u2019emendamento, con la modifica scatta un compenso al legale della stessa misura del contributo economico oggi previsto per il migrante, e pari a 615 euro. Sar\u00e0 riconosciuto &#8220;ad esito della partenza dello straniero&#8221;. Nella relazione illustrativa dell&#8217;emendamento sono riportati i dati del ministero dell&#8217;Interno per cui nel triennio 2023-2025 sono stati circa 2500 i cittadini stranieri che hanno chiesto e aderito ai rimpatri\u00a0volontari assistiti, in media 800 l&#8217;anno.<\/p>\n<p>Consiglio nazionale forense si dissocia da norma<\/p>\n<p>In una nota, il Consiglio nazionale forense ha preso oggi le distanze dalla norma che introduce un contribuito agli avvocati per l&#8217;assistenza legale sui rimpatri\u00a0volontari dei migranti.\u00a0&#8220;In merito alla norma del decreto sicurezza che attribuisce al Consiglio nazionale forense un ruolo nel processo di rimpatrio degli immigrati e nella gestione dei pagamenti dei legali coinvolti, il Cnf precisa di non essere mai stato informato di tale coinvolgimento: n\u00e9 prima della presentazione dell&#8217;emendamento, n\u00e9 durante il suo iter parlamentare, n\u00e9 dopo la sua approvazione\u201d. Contenuta nell&#8217;articolo 30 bis del decreto, la novit\u00e0 \u00e8 stata introdotta con un emendamento di maggioranza e prevede la &#8220;collaborazione&#8221; del Consiglio nell&#8217;assistenza legale e un suo ruolo nei contributi economici ai legali. Il Cnf quindi &#8220;chiede che il Parlamento intervenga per eliminarne ogni coinvolgimento, sottolineando che le attivit\u00e0 previste non rientrano tra le proprie competenze istituzionali&#8221;.<\/p>\n<p>\t\t\t<a class=\"c-inline-card j-inline-card c-inline-card--with-image\" href=\"https:\/\/tg24.sky.it\/politica\/2026\/04\/17\/dl-sicurezza-approvazione-senato\" rel=\"follow nofollow noopener\" data-intcmp=\"skytg24_articolo_approfondimenti_inline\" target=\"_blank\"><\/p>\n<p>\t\t\t         <img decoding=\"async\" crossorigin=\"anonymous\" alt=\"\" src=\"https:\/\/www.europesays.com\/it\/wp-content\/uploads\/2026\/04\/0260fb250fe1b0dccb98265600d7a33b.jpg\"  loading=\"lazy\"  bad-src=\"https:\/\/www.europesays.com\/it\/wp-content\/uploads\/2026\/04\/0260fb250fe1b0dccb98265600d7a33b.jpg\"\/><\/p>\n<p>\n\t\t\t         Vedi anche<br \/>\n\t\t\t         Dl Sicurezza approvato in Senato: scadenza il 25 aprile\n\t\t\t      <\/p>\n<p>\t\t\t<\/a><\/p>\n<p>\t\t \tOrganismo congressuale forense: stato agitazione contro norma\u00a0<\/p>\n<p>Anche l&#8217;Organismo congressuale forense (che \u00e8 l&#8217;organismo di rappresentanza sindacale dell&#8217;avvocatura italiana) ha ribadito la contrariet\u00e0 al decreto sicurezza lanciando lo stato di agitazione riguardo, in particolare, alla norma che prevede un compenso economico per l&#8217;avvocato che dia assistenza a un migrante nella pratica per il rimpatrio volontario.\u00a0In una nota l&#8217;Organismo spiega: &#8220;Si introduce un compenso all&#8217;avvocato, subordinato esclusivamente all&#8217;assistenza al rimpatrio volontario del migrante e da corrispondere all&#8217;esito della partenza dello straniero. Il testo licenziato, nella logica che lo ispira e nelle conseguenze che ne derivano, non solo lede il diritto di difesa effettiva dell&#8217;individuo, ma addirittura stravolge il ruolo e la funzione dell&#8217;avvocato, essenziale nel garantire l&#8217;assetto democratico del nostro ordinamento. La persona, migrante o cittadino che sia, ha diritto a una difesa effettiva e a un difensore che sia e appaia privo di interessi rispetto alle scelte da adottare nella difesa dell&#8217;assistito. L&#8217;Organismo congressuale forense afferma che l&#8217;attivit\u00e0 difensiva ha, quale sua prerogativa, la libert\u00e0 da qualunque potere e che alcun compenso pu\u00f2 essere subordinato o previsto solo in ragione di una sorta di collaborazione da parte dell&#8217;avvocato nel conformare la sua attivit\u00e0 e le sue scelte agli obiettivi perseguiti dalla politica&#8221;. Da qui la proclamazione dello stato di agitazione degli avvocati &#8220;in attesa che, in sede di successivo passaggio alla Camera, si modifichi integralmente il testo a tutela dei diritti fondamentali dell&#8217;uomo e dello Stato di diritto&#8221;.<\/p>\n<p>Anm: &#8220;Sconcerto per attacco a diritto difesa&#8221;<\/p>\n<p>&#8220;Esprimiamo il nostro sconcerto, condividendo le preoccupazioni espresse in queste ore dal mondo dell&#8217;avvocatura in merito alle novit\u00e0 introdotte dal decreto Sicurezza durante l&#8217;esame parlamentare&#8221;, afferma la Giunta esecutiva centrale dell&#8217;Anm, sottolineando che &#8220;il riconoscimento di incentivi economici connessi all&#8217;esito della procedura di rimpatrio volontario dei migranti e le limitazioni all&#8217;accesso al patrocinio a spese dello Stato in caso di impugnazione dei provvedimenti amministrativi di espulsione dello straniero pongono questioni che mettono a rischio l&#8217;effettivit\u00e0 della tutela giurisdizionale. Questo &#8211; rileva il sindacato delle toghe &#8211; contrasta con l&#8217;idea stessa di difesa, perch\u00e9 collega il premio all&#8217;insuccesso della strategia difensiva, in contrasto con la logica, prima che con il diritto&#8221;. In ogni ambito, prosegue l&#8217;Associazione nazionale magistrati in una nota, &#8220;il diritto di difesa deve rimanere pieno, libero e concretamente accessibile. Senza essere piegato a logiche diverse. La salvaguardia di tale diritto &#8211; conclude l&#8217;Anm &#8211; costituisce un presidio essenziale dello Stato di diritto e un elemento imprescindibile per la fiducia dei cittadini nell&#8217;amministrazione della giustizia&#8221;.\u00a0<\/p>\n<p>\t\t\t<a class=\"c-inline-card j-inline-card c-inline-card--with-image\" href=\"https:\/\/tg24.sky.it\/mondo\/2026\/03\/27\/migranti-centri-rimpatrio-parlamento-ue\" rel=\"follow nofollow noopener\" data-intcmp=\"skytg24_articolo_approfondimenti_inline\" target=\"_blank\"><\/p>\n<p>\t\t\t         <img decoding=\"async\" crossorigin=\"anonymous\" alt=\"\" src=\"https:\/\/www.europesays.com\/it\/wp-content\/uploads\/2026\/04\/europarlamento_ipa.jpg\"  loading=\"lazy\"  bad-src=\"https:\/\/www.europesays.com\/it\/wp-content\/uploads\/2026\/04\/europarlamento_ipa.jpg\"\/><\/p>\n<p>\n\t\t\t         Vedi anche<br \/>\n\t\t\t         Migranti, ok del Parlamento Ue ai centri per rimpatrio in Paesi terzi\n\t\t\t      <\/p>\n<p>\t\t\t<\/a><\/p>\n<p>\t\t \tLe reazioni politiche: \u201cSiamo a un passo dall\u2019Ice di Trump\u201d<\/p>\n<p>Numerose le reazioni critiche dalle opposizioni. Debora Serracchiani, responsabile Giustizia nella segreteria nazionale Pd in una nota scrive: &#8220;Quanto previsto dall&#8217;articolo 30 bis del decreto sicurezza approvato in Senato \u00e8 gravissimo. In sostanza, il Cnf dar\u00e0 un &#8216;premio&#8217; economico all&#8217;avvocato il cui migrante effettivamente parta e torni nel suo Paese di origine. Un incentivo per gli avvocati alla remigrazione dei loro assistiti. Avvocati che, al contrario, perderanno il patrocinio a spese dello Stato nel caso in cui i i migranti facciano ricorso contro l&#8217;espulsione. Una vergogna normativa che lede la stessa dignit\u00e0 dei professionisti e rispetto alla quale, mi auguro, che l&#8217;avvocatura faccia sentire la sua voce\u201d. Il segretario di +Europa, Riccardo Magi, dice che &#8220;nel nuovo decreto sicurezza siamo a un passo dall&#8217;Ice di Trump: la maggioranza ha infatti previsto un premio in denaro di 615 euro per quegli avvocati che fanno rimpatriare i loro clienti migranti. Praticamente una taglia tipo selvaggio West, dove i diritti sono calpestati e chi dovrebbe tutelare i diritti dei cittadini stranieri viene incentivato economicamente a non farlo. Totalmente incostituzionale, contrario al principio del giusto processo e totalmente contrario persino al codice penale, che punisce il patrocinio infedele per chi svolge la professione legale\u201d.<\/p>\n<p>\t\t\t<a class=\"c-inline-card j-inline-card c-inline-card--with-image\" href=\"https:\/\/tg24.sky.it\/mondo\/2026\/04\/03\/migranti-respingimenti-illegali-ue-italia\" rel=\"follow nofollow noopener\" data-intcmp=\"skytg24_articolo_approfondimenti_inline\" target=\"_blank\"><\/p>\n<p>\t\t\t         <img decoding=\"async\" crossorigin=\"anonymous\" alt=\"\" src=\"https:\/\/www.europesays.com\/it\/wp-content\/uploads\/2026\/04\/GettyImages-2238555650.jpg\"  loading=\"lazy\"  bad-src=\"https:\/\/www.europesays.com\/it\/wp-content\/uploads\/2026\/04\/GettyImages-2238555650.jpg\"\/><\/p>\n<p>\n\t\t\t         Vedi anche<br \/>\n\t\t\t         Ue, oltre 80mila respingimenti illegali nel 2025. Italia guida la fila\n\t\t\t      <\/p>\n<p>\t\t\t<\/a><\/p>\n","protected":false},"excerpt":{"rendered":"Venerd\u00ec 17 aprile l&#8217;aula del Senato ha approvato il decreto sicurezza che ora passa alla Camera con tempi&hellip;\n","protected":false},"author":3,"featured_media":450440,"comment_status":"","ping_status":"","sticky":false,"template":"","format":"standard","meta":{"footnotes":"","_share_on_mastodon":"0"},"categories":[6],"tags":[14,13604,369,8,1537,90,89,2092,7,15,82,9,83,10,26376,863,13,11,80,84,12,81,85],"class_list":["post-450439","post","type-post","status-publish","format-standard","has-post-thumbnail","category-ultime-notizie","tag-cronaca","tag-decreto-sicurezza","tag-digitall","tag-headlines","tag-it","tag-italia","tag-italy","tag-migranti","tag-news","tag-notizie","tag-notizie-di-cronaca","tag-notizie-principali","tag-notiziedicronaca","tag-notizieprincipali","tag-rimpatri","tag-sicurezza","tag-titoli","tag-ultime-notizie","tag-ultime-notizie-di-cronaca","tag-ultime-notizie-e-news-di-oggi","tag-ultimenotizie","tag-ultimenotiziedicronaca","tag-ultimenotizieenewsdioggi"],"share_on_mastodon":{"url":"https:\/\/pubeurope.com\/@it\/116429701392559039","error":""},"_links":{"self":[{"href":"https:\/\/www.europesays.com\/it\/wp-json\/wp\/v2\/posts\/450439","targetHints":{"allow":["GET"]}}],"collection":[{"href":"https:\/\/www.europesays.com\/it\/wp-json\/wp\/v2\/posts"}],"about":[{"href":"https:\/\/www.europesays.com\/it\/wp-json\/wp\/v2\/types\/post"}],"author":[{"embeddable":true,"href":"https:\/\/www.europesays.com\/it\/wp-json\/wp\/v2\/users\/3"}],"replies":[{"embeddable":true,"href":"https:\/\/www.europesays.com\/it\/wp-json\/wp\/v2\/comments?post=450439"}],"version-history":[{"count":0,"href":"https:\/\/www.europesays.com\/it\/wp-json\/wp\/v2\/posts\/450439\/revisions"}],"wp:featuredmedia":[{"embeddable":true,"href":"https:\/\/www.europesays.com\/it\/wp-json\/wp\/v2\/media\/450440"}],"wp:attachment":[{"href":"https:\/\/www.europesays.com\/it\/wp-json\/wp\/v2\/media?parent=450439"}],"wp:term":[{"taxonomy":"category","embeddable":true,"href":"https:\/\/www.europesays.com\/it\/wp-json\/wp\/v2\/categories?post=450439"},{"taxonomy":"post_tag","embeddable":true,"href":"https:\/\/www.europesays.com\/it\/wp-json\/wp\/v2\/tags?post=450439"}],"curies":[{"name":"wp","href":"https:\/\/api.w.org\/{rel}","templated":true}]}}