{"id":450554,"date":"2026-04-19T07:47:22","date_gmt":"2026-04-19T07:47:22","guid":{"rendered":"https:\/\/www.europesays.com\/it\/450554\/"},"modified":"2026-04-19T07:47:22","modified_gmt":"2026-04-19T07:47:22","slug":"sinner-gia-qualificato-per-le-finals-con-sette-mesi-danticipo","status":"publish","type":"post","link":"https:\/\/www.europesays.com\/it\/450554\/","title":{"rendered":"Sinner gi\u00e0 qualificato per le Finals con sette mesi d&#8217;anticipo"},"content":{"rendered":"<p>                                Jannik nel 2026 ha riconquistato il numero 1. La  storia dice che il suo punteggio da gennaio a oggi (3900 punti)\u00a0 gli garantisce un posto tra i migliori 8 a novembre<\/p>\n<p>            <a class=\"image is-50x50\" href=\"https:\/\/www.gazzetta.it\/redazione\/riccardo-crivelli\/\" rel=\"nofollow noopener\" target=\"_blank\"><br \/>\n                <img decoding=\"async\" class=\"is-rounded\" src=\"https:\/\/www.europesays.com\/it\/wp-content\/uploads\/2025\/10\/riccardo_crivelli_avatar.png\" alt=\"Riccardo Crivelli\"\/><br \/>\n            <\/a><\/p>\n<p>Giornalista<\/p>\n<p>                    19 aprile &#8211; 08:52  &#8211; MILANO<\/p>\n<p class=\"paragraph\" spellcheck=\"true\">Maestro gi\u00e0 in  primavera. Con la stagione sulla terra europea appena cominciata e tre Slam ancora da giocare, novembre appare un orizzonte davvero  lontanissimo. Ma Sinner, nella favolosa versione di queste ultime sei settimane, ha gi\u00e0 allargato lo sguardo e le prospettive fin laggi\u00f9,  a Torino: in pratica, a met\u00e0 aprile si \u00e8 gi\u00e0 assicurato la presenza alle Atp Finals, torneo di cui \u00e8 doppio campione in carica grazie ai successi del 2024 e del 2025, e sempre senza perdere neppure  un set. In pratica, il giardino di casa.<\/p>\n<p>        Oltre la soglia\u2014 \u00a0<\/p>\n<p class=\"paragraph\" spellcheck=\"true\">Ovviamente Jannik, che \u00e8 primo nella Race, cio\u00e8 la  classifica  che qualifica per il Masters e che tiene conto solo dei risultati  dell\u2019anno (quindi \u00e8 partita dal 1\u00b0 gennaio 2026), non ha ancora ottenuto la certezza aritmetica del pass, che arriver\u00e0 quando  il nono non  potr\u00e0 pi\u00f9 superarlo pur giocando tutti i tornei in calendario da l\u00ec all\u20198 novembre, ma ha gi\u00e0 accumulato un bottino che nelle ultime cinque stagioni ha sempre garantito l\u2019accesso alle Finals. I suoi 3900 punti, frutto degli 800 della semifinale in Australia, dei 100 dei quarti a Doha e dei 3000 dei tre Masters 1000 consecutivi vinti (Indian Wells, Miami e Montecarlo), rappresentano dunque un certificato di garanzia: per dire, un anno fa il canadese Auger-Aliassime, l\u2019ottavo, entr\u00f2 con 3845 punti. Per il numero uno del mondo si tratterebbe della quinta partecipazione, e continuando nel parallelo con le altre edizioni, nel 2021 si qualific\u00f2 da riserva con 3015 punti (raccolti addirittura in 25 tornei), mentre nel 2023, prima volta in cui  strapp\u00f2 il posto da titolare, fin\u00ec quarto nella Race  con 5490 punti, quota che quest\u2019anno potrebbe addirittura raggiungere prima del Roland Garros in caso di corsa prolungata a Madrid e Roma. A questo punto, Sinner potrebbe puntare a eguagliare Nadal e Djokovic, i soli  che dal  2009, cio\u00e8 da quando sono state  introdotte le categorie di tornei attualmente esistenti  e relativi punteggi turno  dopo turno,   si sono qualificati addirittura a maggio dopo gli Internazionali d\u2019Italia. Fin qui, la Volpe Rossa ha ottenuto i tre pass da titolare il 7 ottobre (nel 2023), il 10 agosto (2024)  e l\u20198 agosto (2025, quando per\u00f2 la squalifica di tre mesi gli ha impedito di scendere in campo in quattro Masters 1000  tra marzo ed aprile).<\/p>\n<p><a class=\"is-partner-link\" href=\"https:\/\/abbonamenti.gazzetta.it\/calciatori-panini-2025\/?pwcmp_promo_panini_cta&amp;forceBrowser=true\" rel=\"nofollow noopener\" target=\"_blank\">Gazzetta digital + Box Panini + Album a soli 80\u20ac, il modo pi\u00f9 veloce e conveniente per completare la collezione!<\/a><\/p>\n<p>        idolo di casa\u2014 \u00a0<\/p>\n<p class=\"paragraph\" spellcheck=\"true\">\u00a0Le Finals, d\u2019altronde, costituiscono  uno degli appuntamenti del cuore del pi\u00f9 forte giocatore del mondo, e non  soltanto perch\u00e9 la sua esplosione \u00e8 coincisa con lo storico approdo in Italia (dal 2021) dei migliori otto tennisti della stagione. Nel 2023 al Masters ha sconfitto per la prima volta in carriera Djokovic, nel round robin, anche se poi ci ha perso in finale; nel 2024 ha trionfato con una cavalcata memorabile, raggiungendo finalmente un traguardo a cui teneva in modo speciale, una grande vittoria davanti ai tifosi del suo paese; un anno fa ha replicato, prendendosi la pi\u00f9 dolce delle rivincite  contro Alcaraz dopo la sconfitta di due mesi prima in finale agli Us Open. Intanto, in attesa di volare stasera a Madrid dove luned\u00ec parteciper\u00e0  alla serata dei Laureus Awards  da candidato al premio di miglior atleta dell\u2019anno e nel  prossimo fine settimana dovrebbe debuttare nel Masters 1000 della Caja Magica salvo diverse risoluzioni nelle prossime ore, ieri il numero 1 del mondo ha postato un paio di video delle sessioni di allenamento a Montecarlo, corredandole con un commento indiscutibile: &#8220;Il lavoro non si ferma&#8221;. Certo del primo posto in classifica almeno fin dopo Roma anche per i dolori dell\u2019arcirivale Carlitos e con il Foro  e Parigi come grandi obiettivi di questa parte di stagione, Jannik lavorer\u00e0 in una doppia direzione, secondo le indicazioni che coach  Vagnozzi  ha rivelato durante  il cammino trionfale a Montecarlo. Dal punto di vista tecnico, focus innanzitutto sul servizio, ormai arma letale che sulla terra potr\u00e0 arricchirsi di nuove traiettorie, in particolare il kick a uscire, preziosissimo su una superfice dove le velocit\u00e0 di  crociera  inferiori possono essere compensate da un rimbalzo pi\u00f9 alto in grado di spingere  l\u2019avversario fuori  dal campo. E poi la palla corta: ormai  Sinner \u00e8 un lucido interprete di questa soluzione, perch\u00e9 sa leggere le circostanze in cui utilizzarla con successo, e deve solo trovare l\u2019attitudine a giocarla anche con il rovescio, perch\u00e9 con il dritto ha acquisito grande sicurezza. Infine, lavoro sul recupero e sulla resistenza per  una condizione fisica al top con cui affrontare le sfide tre su cinque dello Slam francese. Le ricette del Maestro.<\/p>\n<p class=\"is-copyright\">\u00a9 RIPRODUZIONE RISERVATA<\/p>\n","protected":false},"excerpt":{"rendered":"Jannik nel 2026 ha riconquistato il numero 1. La storia dice che il suo punteggio da gennaio a&hellip;\n","protected":false},"author":3,"featured_media":450081,"comment_status":"","ping_status":"","sticky":false,"template":"","format":"standard","meta":{"footnotes":"","_share_on_mastodon":"0"},"categories":[1457],"tags":[2748,252802,252803,32057,252804,252805,15935,3811,2699,3587,921,631,2042,1932,26568,1426,18576,2614,1537,90,89,1269,5382,15263,2193,2052,15117,7030,1312,133,10278,54036,8014,2326,1292,494,12715,987,366,3423,245,244,577,1273,3185,26462,1641,1995,19627,907],"class_list":["post-450554","post","type-post","status-publish","format-standard","has-post-thumbnail","category-tennis","tag-accesso","tag-accesso-finals","tag-accesso-finals-punti","tag-accumulato","tag-accumulato-bottino","tag-accumulato-bottino-ultime","tag-acquisito","tag-addirittura","tag-agosto","tag-aprile","tag-campo","tag-cinque","tag-cioe","tag-classifica","tag-djokovic","tag-finale","tag-finals","tag-gennaio","tag-it","tag-italia","tag-italy","tag-jannik","tag-madrid","tag-maestro","tag-masters","tag-migliori","tag-montecarlo","tag-novembre","tag-numero","tag-ormai","tag-ottenuto","tag-pass","tag-potra","tag-pratica","tag-punti","tag-punto","tag-race","tag-roma","tag-sinner","tag-slam","tag-sport","tag-sports","tag-stagione","tag-tennis","tag-terra","tag-titolare","tag-torino","tag-tornei","tag-turno","tag-ultime"],"share_on_mastodon":{"url":"","error":"Validation failed: Text character limit of 500 exceeded"},"_links":{"self":[{"href":"https:\/\/www.europesays.com\/it\/wp-json\/wp\/v2\/posts\/450554","targetHints":{"allow":["GET"]}}],"collection":[{"href":"https:\/\/www.europesays.com\/it\/wp-json\/wp\/v2\/posts"}],"about":[{"href":"https:\/\/www.europesays.com\/it\/wp-json\/wp\/v2\/types\/post"}],"author":[{"embeddable":true,"href":"https:\/\/www.europesays.com\/it\/wp-json\/wp\/v2\/users\/3"}],"replies":[{"embeddable":true,"href":"https:\/\/www.europesays.com\/it\/wp-json\/wp\/v2\/comments?post=450554"}],"version-history":[{"count":0,"href":"https:\/\/www.europesays.com\/it\/wp-json\/wp\/v2\/posts\/450554\/revisions"}],"wp:featuredmedia":[{"embeddable":true,"href":"https:\/\/www.europesays.com\/it\/wp-json\/wp\/v2\/media\/450081"}],"wp:attachment":[{"href":"https:\/\/www.europesays.com\/it\/wp-json\/wp\/v2\/media?parent=450554"}],"wp:term":[{"taxonomy":"category","embeddable":true,"href":"https:\/\/www.europesays.com\/it\/wp-json\/wp\/v2\/categories?post=450554"},{"taxonomy":"post_tag","embeddable":true,"href":"https:\/\/www.europesays.com\/it\/wp-json\/wp\/v2\/tags?post=450554"}],"curies":[{"name":"wp","href":"https:\/\/api.w.org\/{rel}","templated":true}]}}