{"id":450981,"date":"2026-04-19T14:21:16","date_gmt":"2026-04-19T14:21:16","guid":{"rendered":"https:\/\/www.europesays.com\/it\/450981\/"},"modified":"2026-04-19T14:21:16","modified_gmt":"2026-04-19T14:21:16","slug":"milan-tare-con-allegri-lavoriamo-per-il-futuro","status":"publish","type":"post","link":"https:\/\/www.europesays.com\/it\/450981\/","title":{"rendered":"Milan, Tare: &#8220;Con Allegri lavoriamo per il futuro&#8221;"},"content":{"rendered":"<p>                                Il ds rossonero prima di Verona-Milan: &#8220;Non c\u2019\u00e8 niente da discutere. Ha fatto un ottimo lavoro in questa stagione, ha un contratto ancora lungo, come ha detto lui gli piace programmare, fare un progetto importante&#8221;<\/p>\n<p class=\"paragraph\" spellcheck=\"true\">Superfluo dire che l&#8217;argomento Allegri ha tenuto e continuer\u00e0 a tenere banco, se non altro fino a quando qualcuno non riterr\u00e0 arrivato il momento di fare chiarezza assoluta. Intanto, a pochi minuti da <a href=\"https:\/\/www.gazzetta.it\/Calcio\/Serie-A\/Milan\/19-04-2026\/verona-milan-live-gol-e-risultato-in-diretta-serie-a.shtml?intcmp=hyperlink-articolo-gazit\" target=\"_blank\" rel=\"nofollow noopener\">Verona-Milan<\/a>, sono arrivate le considerazioni in merito del ds rossonero Tare.<\/p>\n<p class=\"paragraph\" spellcheck=\"true\">&#8220;\u00c8 inutile parlare adesso di questo situazione &#8211; ha detto a Dazn -. Tutte queste energie dobbiamo orientarle verso il nostro obiettivo, che \u00e8 la Champions. Raggiungerla vorrebbe dire tanto per la programmazione e per il futuro di questa societ\u00e0, perci\u00f2 di Allegri non c\u2019\u00e8 niente da discutere. Ha fatto un ottimo lavoro in questa stagione, ha un contratto ancora lungo, come ha detto lui ieri gli piace programmare, fare un progetto importante, e su questo stiamo lavorando insieme per il futuro. Quando i risultati mancano, ci si mette tutti in discussione. Ne siamo consapevoli, la cosa pi\u00f9 importante per noi \u00e8 riuscire a raggiungere tutti gli obiettivi, dopo di che sederci tutti insieme, Furlani, Ibra e gli altri e cercare di fare un progetto vincente per la prossima stagione&#8221;.<\/p>\n","protected":false},"excerpt":{"rendered":"Il ds rossonero prima di Verona-Milan: &#8220;Non c\u2019\u00e8 niente da discutere. Ha fatto un ottimo lavoro in questa&hellip;\n","protected":false},"author":3,"featured_media":450982,"comment_status":"","ping_status":"","sticky":false,"template":"","format":"standard","meta":{"footnotes":"","_share_on_mastodon":"0"},"categories":[1452],"tags":[3076,721,6693,253095,253096,36590,253097,253098,1740,48,1537,90,89,553,2851,1739,245,244,577],"class_list":["post-450981","post","type-post","status-publish","format-standard","has-post-thumbnail","category-calcio","tag-allegri","tag-calcio","tag-contratto","tag-contratto-piace","tag-contratto-piace-programmare","tag-discutere","tag-discutere-ottimo","tag-discutere-ottimo-stagione","tag-football","tag-importante","tag-it","tag-italia","tag-italy","tag-milan","tag-progetto","tag-soccer","tag-sport","tag-sports","tag-stagione"],"share_on_mastodon":{"url":"https:\/\/pubeurope.com\/@it\/116431820457710654","error":""},"_links":{"self":[{"href":"https:\/\/www.europesays.com\/it\/wp-json\/wp\/v2\/posts\/450981","targetHints":{"allow":["GET"]}}],"collection":[{"href":"https:\/\/www.europesays.com\/it\/wp-json\/wp\/v2\/posts"}],"about":[{"href":"https:\/\/www.europesays.com\/it\/wp-json\/wp\/v2\/types\/post"}],"author":[{"embeddable":true,"href":"https:\/\/www.europesays.com\/it\/wp-json\/wp\/v2\/users\/3"}],"replies":[{"embeddable":true,"href":"https:\/\/www.europesays.com\/it\/wp-json\/wp\/v2\/comments?post=450981"}],"version-history":[{"count":0,"href":"https:\/\/www.europesays.com\/it\/wp-json\/wp\/v2\/posts\/450981\/revisions"}],"wp:featuredmedia":[{"embeddable":true,"href":"https:\/\/www.europesays.com\/it\/wp-json\/wp\/v2\/media\/450982"}],"wp:attachment":[{"href":"https:\/\/www.europesays.com\/it\/wp-json\/wp\/v2\/media?parent=450981"}],"wp:term":[{"taxonomy":"category","embeddable":true,"href":"https:\/\/www.europesays.com\/it\/wp-json\/wp\/v2\/categories?post=450981"},{"taxonomy":"post_tag","embeddable":true,"href":"https:\/\/www.europesays.com\/it\/wp-json\/wp\/v2\/tags?post=450981"}],"curies":[{"name":"wp","href":"https:\/\/api.w.org\/{rel}","templated":true}]}}