{"id":453192,"date":"2026-04-20T23:08:27","date_gmt":"2026-04-20T23:08:27","guid":{"rendered":"https:\/\/www.europesays.com\/it\/453192\/"},"modified":"2026-04-20T23:08:27","modified_gmt":"2026-04-20T23:08:27","slug":"per-5-anni-e-stato-con-unaltra-donna-e-ha-avuto-due-figlie-ma-non-si-e-mai-distaccato-da-me","status":"publish","type":"post","link":"https:\/\/www.europesays.com\/it\/453192\/","title":{"rendered":"\u00abPer 5 anni \u00e8 stato con un\u2019altra donna e ha avuto due figlie, ma non si \u00e8 mai distaccato da me\u00bb"},"content":{"rendered":"<p>&#13;<br \/>\n                               &#13;<br \/>\n                                                &#13;<br \/>\n                &#13;<\/p>\n<p><strong><a href=\"https:\/\/www.leggo.it\/t\/gianni-nazzaro\" rel=\"nofollow noopener\" target=\"_blank\">Gianni Nazzaro<\/a><\/strong> torna al centro del ricordo di chi gli \u00e8 stato pi\u00f9 vicino. A raccontarlo \u00e8 la vedova <strong><a href=\"https:\/\/www.leggo.it\/t\/nada\" rel=\"nofollow noopener\" target=\"_blank\">Nada<\/a><\/strong> a <a href=\"https:\/\/www.leggo.it\/t\/la-volta-buona\" rel=\"nofollow noopener\" target=\"_blank\">La volta buona<\/a>, che ripercorre il loro legame con parole intime e dolorose, segnate per\u00f2 da un filo che, a suo dire, non si sarebbe mai spezzato davvero. Anche nei momenti pi\u00f9 difficili, quando il cantante aveva intrapreso un\u2019altra relazione, il rapporto tra i due sarebbe rimasto vivo.<\/p>\n<p>&#13;<br \/>\n&#13;<br \/>\nIl ricordo di Nada&#13;<br \/>\n&#13;<\/p>\n<p>Nada racconta quel periodo a La volta buona: \u00abNon ha mai avuto un distacco da me, anche nei cinque anni in cui stava con un\u2019altra donna\u00bb. La moglie di Gianni Nazzaro ricorda infatti che l\u2019artista \u00abha avuto due figlie con un\u2019altra donna\u00bb, ma nonostante questo lei avrebbe continuato a essergli accanto, cercando, dice, \u00abdi indirizzarlo nelle strade giuste\u00bb. <\/p>\n<p>Poi il ricordo pi\u00f9 commovente, quello degli ultimi momenti: \u00abPrima di andarsene mi ha chiesto di risposarlo\u00bb.&#13;<br \/>\n&#13;<\/p>\n<p>Al ricordo di Nada si aggiunge anche quello di <a href=\"https:\/\/www.leggo.it\/t\/edoardo-vianello\" rel=\"nofollow noopener\" target=\"_blank\">Edoardo Vianello<\/a>, che traccia un ritratto netto dell\u2019artista e del suo percorso. Secondo Vianello, Gianni Nazzaro non avrebbe raccolto in carriera tutto ci\u00f2 che avrebbe meritato: \u00abLui ha avuto poco successo, rispetto a quello che meritava\u00bb. Un giudizio che si accompagna a un\u2019osservazione molto precisa sulla sua immagine pubblica: \u00abLa sua bellezza nascondeva il suo talento\u00bb.<\/p>\n<p>                                &#13;<br \/>\n                &#13;<br \/>\n&#13;<br \/>\n                Ultimo aggiornamento: luned\u00ec 20 aprile 2026, 16:10&#13;<br \/>\n                <br \/>&#13;<br \/>\n                &#13;<br \/>\n                  &#13;<br \/>\n                    &#13;<br \/>\n                        \u00a9 RIPRODUZIONE RISERVATA&#13;<\/p>\n<p>&#13;<\/p>\n<p>                    &#13;<\/p>\n","protected":false},"excerpt":{"rendered":"&#13; &#13; &#13; &#13; Gianni Nazzaro torna al centro del ricordo di chi gli \u00e8 stato pi\u00f9 vicino.&hellip;\n","protected":false},"author":3,"featured_media":453193,"comment_status":"","ping_status":"","sticky":false,"template":"","format":"standard","meta":{"footnotes":"","_share_on_mastodon":"0"},"categories":[174],"tags":[203,254070,204,1537,90,89,45462],"class_list":["post-453192","post","type-post","status-publish","format-standard","has-post-thumbnail","category-intrattenimento","tag-entertainment","tag-gianni-nazzaro","tag-intrattenimento","tag-it","tag-italia","tag-italy","tag-nada"],"share_on_mastodon":{"url":"https:\/\/pubeurope.com\/@it\/116439554963566170","error":""},"_links":{"self":[{"href":"https:\/\/www.europesays.com\/it\/wp-json\/wp\/v2\/posts\/453192","targetHints":{"allow":["GET"]}}],"collection":[{"href":"https:\/\/www.europesays.com\/it\/wp-json\/wp\/v2\/posts"}],"about":[{"href":"https:\/\/www.europesays.com\/it\/wp-json\/wp\/v2\/types\/post"}],"author":[{"embeddable":true,"href":"https:\/\/www.europesays.com\/it\/wp-json\/wp\/v2\/users\/3"}],"replies":[{"embeddable":true,"href":"https:\/\/www.europesays.com\/it\/wp-json\/wp\/v2\/comments?post=453192"}],"version-history":[{"count":0,"href":"https:\/\/www.europesays.com\/it\/wp-json\/wp\/v2\/posts\/453192\/revisions"}],"wp:featuredmedia":[{"embeddable":true,"href":"https:\/\/www.europesays.com\/it\/wp-json\/wp\/v2\/media\/453193"}],"wp:attachment":[{"href":"https:\/\/www.europesays.com\/it\/wp-json\/wp\/v2\/media?parent=453192"}],"wp:term":[{"taxonomy":"category","embeddable":true,"href":"https:\/\/www.europesays.com\/it\/wp-json\/wp\/v2\/categories?post=453192"},{"taxonomy":"post_tag","embeddable":true,"href":"https:\/\/www.europesays.com\/it\/wp-json\/wp\/v2\/tags?post=453192"}],"curies":[{"name":"wp","href":"https:\/\/api.w.org\/{rel}","templated":true}]}}