{"id":453594,"date":"2026-04-21T06:12:16","date_gmt":"2026-04-21T06:12:16","guid":{"rendered":"https:\/\/www.europesays.com\/it\/453594\/"},"modified":"2026-04-21T06:12:16","modified_gmt":"2026-04-21T06:12:16","slug":"zazzaroni-conta-il-bel-gioco-immaginate-inter-2-chivu-sarebbe","status":"publish","type":"post","link":"https:\/\/www.europesays.com\/it\/453594\/","title":{"rendered":"Zazzaroni: &#8220;Conta il bel gioco? Immaginate Inter 2\u00b0, Chivu sarebbe&#8230;&#8221;"},"content":{"rendered":"<p>&#8220;Da noi il calcio \u00e8 un\u2019industria in perdita costante e il manager che non \u00e8 in grado di ottenere risultati viene messo alla porta&#8221;, dice Zazzaroni<\/p>\n<p>Intervenuto sul Corriere dello Sport, Ivan <a href=\"https:\/\/www.fcinter1908.it\/ultimora\/pronostico-como-inter-caressa-zazzaroni\/\" rel=\"nofollow noopener\" target=\"_blank\">Zazzaroni<\/a> ha approfondito il discorso legato al connubio tra bel gioco e risultati:<\/p>\n<p>&#8220;Tutto ruota attorno al risultato. L\u2019 hanno detto &#8211; o soltanto pensato &#8211; prima di Allegri i vari Ancelotti, Mourinho, Capello, Lippi, Gasperini, Ferguson, Simeone, Xabi Alonso, Mancini, oltre a un migliaio di tecnici puntualmente messi in discussione per il \u201cprofitto mancante\u201d. Dite che non \u00e8 cos\u00ec? Che ci\u00f2 che conta \u00e8 il bel gioco? E allora provate a immaginare Chivu che arriva secondo in campionato con l\u2019Inter. Il semidebuttante che lascia lo scudetto ad altri. Sarebbero critiche a non finire, il rinnovo in stand-by e la credibilit\u00e0 appena sopra lo zero. Eppure Cristian \u00e8 bravo e pu\u00f2 diventare bravissimo.<\/p>\n<p>E provate a immaginare Allegri che non entra nei primi quattro. Furlani lo manda a casa senza farlo passare da Milanello (mentre Cardinale rilascia un\u2019altra intervista al Financial Times per poter riprovare la cucina di Milanello). Il primo a saperlo \u00e8 Max, il cui destino non \u00e8 ancora deciso, anche se Furlani tenta il riavvicinamento. Provate a immaginare Gasperini che dopo una settimana da incubo per la Roma, per i tifosi, per tutti, anche per Ranieri, rimedia quattro pere dall\u2019Atalanta, e sto parlando di un allenatore che i colleghi considerano il modello di un certo genere di calcio. Moderno, imitato ovunque. Bocche storte, appunti che diventano attacchi.<\/p>\n<p>Provate a immaginare Spalletti fuori dalla Champions e Fabregas con il Como dentro. Ci riuscite? Provate a immaginare Italiano che in Europa League perde solo con l\u2019Aston Villa dopo aver riportato a Bologna la coppa Italia. Oddio, \u00e8 successo davvero e quante ne ho sentite\u2026 Provate ora a immaginare un calcio dove \u00e8 possibile sopravvivere alla sconfitta, dove il profitto non \u00e8 la prima cosa, dove si possono spendere miliardi senza portare un titolo come ha fatto Arteta fino a quest\u2019anno. Un calcio dove il progetto triennale viene rispettato. Ecco, non \u00e8 il nostro. Da noi il calcio \u00e8 un\u2019industria in perdita costante e il manager che non \u00e8 in grado di ottenere risultati viene messo alla porta.<\/p>\n<p>C\u2019\u00e8 chi critica Antonio Conte per aver ricordato che \u00abil secondo \u00e8 il primo degli ultimi\u00bb. L\u2019allenatore del Napoli, per il quale la sconfitta \u00e8 una morte apparente, comunque uno stravincente, ha semplicemente ripreso una frase di Enzo Ferrari, la cui fabbrica\/scuderia crebbe attraverso le vittorie, non i secondi posti. Nella vita puoi avere risultati o scuse, non tutti e due. Questo non \u00e8 un discorso diseducativo, ma la rappresentazione della nostra realt\u00e0. Tutti noi vorremmo vedere giocar bene e vincere, talvolta capita (penso al Napoli di Spalletti, ma anche a certe Juventus e al Milan di Sacchi e Capello), il guaio \u00e8 che le esigenze dei club sono sempre pi\u00f9 prioritarie e riportano ai ricavi&#8221;.<\/p>\n<p class=\"is-copyright\">\u00a9 RIPRODUZIONE RISERVATA<\/p>\n","protected":false},"excerpt":{"rendered":"&#8220;Da noi il calcio \u00e8 un\u2019industria in perdita costante e il manager che non \u00e8 in grado di&hellip;\n","protected":false},"author":3,"featured_media":393502,"comment_status":"","ping_status":"","sticky":false,"template":"","format":"standard","meta":{"footnotes":"","_share_on_mastodon":"0"},"categories":[1452],"tags":[3076,1960,3666,254255,721,254256,254257,30465,2839,4023,254258,254259,2112,254260,254261,25,6930,1740,599,5301,2024,4941,254262,254263,23918,3738,254264,254265,1537,90,89,254253,254254,5389,1739,245,244,2529,14216],"class_list":["post-453594","post","type-post","status-publish","format-standard","has-post-thumbnail","category-calcio","tag-allegri","tag-allenatore","tag-bel","tag-bel-gioco","tag-calcio","tag-calcio-industria","tag-calcio-industria-perdita","tag-capello","tag-chivu","tag-conta","tag-conta-bel","tag-conta-bel-gioco","tag-costante","tag-costante-manager","tag-costante-manager-grado","tag-discorso","tag-dite","tag-football","tag-furlani","tag-gasperini","tag-gioco","tag-grado","tag-grado-ottenere","tag-grado-ottenere-risultati","tag-immaginare","tag-industria","tag-industria-perdita","tag-industria-perdita-costante","tag-it","tag-italia","tag-italy","tag-provate","tag-provate-immaginare","tag-risultati","tag-soccer","tag-sport","tag-sports","tag-viene","tag-zazzaroni"],"share_on_mastodon":{"url":"","error":"Validation failed: Text character limit of 500 exceeded"},"_links":{"self":[{"href":"https:\/\/www.europesays.com\/it\/wp-json\/wp\/v2\/posts\/453594","targetHints":{"allow":["GET"]}}],"collection":[{"href":"https:\/\/www.europesays.com\/it\/wp-json\/wp\/v2\/posts"}],"about":[{"href":"https:\/\/www.europesays.com\/it\/wp-json\/wp\/v2\/types\/post"}],"author":[{"embeddable":true,"href":"https:\/\/www.europesays.com\/it\/wp-json\/wp\/v2\/users\/3"}],"replies":[{"embeddable":true,"href":"https:\/\/www.europesays.com\/it\/wp-json\/wp\/v2\/comments?post=453594"}],"version-history":[{"count":0,"href":"https:\/\/www.europesays.com\/it\/wp-json\/wp\/v2\/posts\/453594\/revisions"}],"wp:featuredmedia":[{"embeddable":true,"href":"https:\/\/www.europesays.com\/it\/wp-json\/wp\/v2\/media\/393502"}],"wp:attachment":[{"href":"https:\/\/www.europesays.com\/it\/wp-json\/wp\/v2\/media?parent=453594"}],"wp:term":[{"taxonomy":"category","embeddable":true,"href":"https:\/\/www.europesays.com\/it\/wp-json\/wp\/v2\/categories?post=453594"},{"taxonomy":"post_tag","embeddable":true,"href":"https:\/\/www.europesays.com\/it\/wp-json\/wp\/v2\/tags?post=453594"}],"curies":[{"name":"wp","href":"https:\/\/api.w.org\/{rel}","templated":true}]}}