{"id":453820,"date":"2026-04-21T09:21:15","date_gmt":"2026-04-21T09:21:15","guid":{"rendered":"https:\/\/www.europesays.com\/it\/453820\/"},"modified":"2026-04-21T09:21:15","modified_gmt":"2026-04-21T09:21:15","slug":"napoli-lanno-di-antonio-conte-attraverso-le-sue-parole","status":"publish","type":"post","link":"https:\/\/www.europesays.com\/it\/453820\/","title":{"rendered":"Napoli, l&#8217;anno di Antonio Conte attraverso le sue parole"},"content":{"rendered":"<p class=\"paragraph\" spellcheck=\"true\">Parola di Antonio Conte. Che quando parla, a volte tuona. Per un allenatore dalla mentalit\u00e0 vincente come la sua, una stagione cos\u00ec piena di infortuni e rallentamenti \u00e8 stata estenuante. Anche per questo, il tono \u00e8 sempre stato duro e ogni concetto \u00e8 stato espresso per avere un ritorno tangibile dalla squadra e dall&#8217;ambiente. Andiamo a ripercorrere le sue frasi pi\u00f9 forti, partendo da un dato curioso: \u00e8 dal 17 ottobre che non si presenta in conferenza stampa alla vigilia di una partita di campionato.\u00a0<\/p>\n","protected":false},"excerpt":{"rendered":"Parola di Antonio Conte. Che quando parla, a volte tuona. Per un allenatore dalla mentalit\u00e0 vincente come la&hellip;\n","protected":false},"author":3,"featured_media":453821,"comment_status":"","ping_status":"","sticky":false,"template":"","format":"standard","meta":{"footnotes":"","_share_on_mastodon":"0"},"categories":[1452],"tags":[1960,4924,2478,3439,721,6195,1856,877,932,106754,2790,6036,2283,6393,1740,350,1537,90,89,4422,300,248,63013,893,254400,254401,66,1290,100265,14521,254402,254403,135,3338,3673,254404,10334,1739,245,244,1857,577,408,254405,254406],"class_list":["post-453820","post","type-post","status-publish","format-standard","has-post-thumbnail","category-calcio","tag-allenatore","tag-ambiente","tag-arriva","tag-bisogna","tag-calcio","tag-cambia","tag-campionato","tag-conferenza","tag-conferenza-stampa","tag-conferenza-stampa-vigilia","tag-conte","tag-cuore","tag-dirigente","tag-espresso","tag-football","tag-inter","tag-it","tag-italia","tag-italy","tag-mondiali","tag-morto","tag-napoli","tag-napoli-inter","tag-ottobre","tag-ottobre-presenta","tag-ottobre-presenta-conferenza","tag-parlato","tag-partita","tag-partita-campionato","tag-presenta","tag-presenta-conferenza","tag-presenta-conferenza-stampa","tag-presidente","tag-primi","tag-quarto","tag-quarto-cambia","tag-significa","tag-soccer","tag-sport","tag-sports","tag-squadra","tag-stagione","tag-stampa","tag-stampa-vigilia","tag-stampa-vigilia-partita"],"share_on_mastodon":{"url":"","error":"Validation failed: Text character limit of 500 exceeded"},"_links":{"self":[{"href":"https:\/\/www.europesays.com\/it\/wp-json\/wp\/v2\/posts\/453820","targetHints":{"allow":["GET"]}}],"collection":[{"href":"https:\/\/www.europesays.com\/it\/wp-json\/wp\/v2\/posts"}],"about":[{"href":"https:\/\/www.europesays.com\/it\/wp-json\/wp\/v2\/types\/post"}],"author":[{"embeddable":true,"href":"https:\/\/www.europesays.com\/it\/wp-json\/wp\/v2\/users\/3"}],"replies":[{"embeddable":true,"href":"https:\/\/www.europesays.com\/it\/wp-json\/wp\/v2\/comments?post=453820"}],"version-history":[{"count":0,"href":"https:\/\/www.europesays.com\/it\/wp-json\/wp\/v2\/posts\/453820\/revisions"}],"wp:featuredmedia":[{"embeddable":true,"href":"https:\/\/www.europesays.com\/it\/wp-json\/wp\/v2\/media\/453821"}],"wp:attachment":[{"href":"https:\/\/www.europesays.com\/it\/wp-json\/wp\/v2\/media?parent=453820"}],"wp:term":[{"taxonomy":"category","embeddable":true,"href":"https:\/\/www.europesays.com\/it\/wp-json\/wp\/v2\/categories?post=453820"},{"taxonomy":"post_tag","embeddable":true,"href":"https:\/\/www.europesays.com\/it\/wp-json\/wp\/v2\/tags?post=453820"}],"curies":[{"name":"wp","href":"https:\/\/api.w.org\/{rel}","templated":true}]}}